{"id":2065,"date":"2013-05-23T09:57:37","date_gmt":"2013-05-23T15:57:37","guid":{"rendered":"http:\/\/estuderecho.com\/sitio\/?p=2065"},"modified":"2013-05-23T09:57:37","modified_gmt":"2013-05-23T15:57:37","slug":"ultima-fecha-del-semestre-para-acto-de-graduacion","status":"publish","type":"post","link":"http:\/\/estuderecho.com\/sitio\/?p=2065","title":{"rendered":"\u00daltima fecha del semestre para Acto de Graduaci\u00f3n!"},"content":{"rendered":"<p>En el <a href=\"http:\/\/www.avidanortiz.com\/blog\/?p=321\" target=\"_blank\">blog del Lic Avid\u00e1n Ort\u00edz<\/a> publican esta informaci\u00f3n sobre la \u00faltima fecha para acto de graduaci\u00f3n de este semestre!:<\/p>\n<p>La Unidad de Ex\u00e1menes P\u00fablicos de Tesis de la Facultad de Ciencias Jur\u00eddicas y Sociales de la USAC informa a todos los estudiantes interesados en obtener fechas para su Acto de Graduaci\u00f3n, que\u00a0<strong>el d\u00eda Lunes 27 de Mayo<\/strong><strong> ultima fecha del semestre, <\/strong> deben presentarse:<\/p>\n<ul>\n<li>A partir de las 14:00 horas, en la Oficina 230 (Unidad de Ex\u00e1menes P\u00fablicos) del Edificio S-7:\u00a0<strong>Donde deber\u00e1n presentar su TESIS AUTORIZADA<\/strong>, la cual ser\u00e1 revisada para tomarlos en cuenta para las fechas que se habilitar\u00e1n.<\/li>\n<\/ul>\n<ul>\n<li>Y a las 17:00 horas, en la Sala de Juicios del Edificio S-7:\u00a0Quienes previamente presentaron su Tesis autorizada,\u00a0<strong>se les estar\u00e1 asignando fecha de Graduaci\u00f3n<\/strong>.<\/li>\n<\/ul>\n<p>Fuente: <a href=\"http:\/\/www.avidanortiz.com\/blog\/?p=321\">http:\/\/www.avidanortiz.com\/blog\/?p=321<\/a><\/p>\n","protected":false},"excerpt":{"rendered":"<p>En el blog del Lic Avid\u00e1n Ort\u00edz publican esta informaci\u00f3n sobre la \u00faltima fecha para acto de graduaci\u00f3n de este semestre!: La Unidad de Ex\u00e1menes P\u00fablicos de Tesis de la Facultad de Ciencias Jur\u00eddicas y Sociales de la USAC informa a todos los estudiantes interesados en obtener fechas para su Acto de Graduaci\u00f3n, que\u00a0el d\u00eda [&hellip;]<\/p>\n","protected":false},"author":1,"featured_media":0,"comment_status":"open","ping_status":"open","sticky":false,"template":"","format":"standard","meta":{"footnotes":""},"categories":[3,8,6,342],"tags":[812,2505,526,29,2503,2502,2504,221,103],"class_list":["post-2065","post","type-post","status-publish","format-standard","hentry","category-articulos","category-noticias-2","category-para-estudiantes","category-tesis-2","tag-estuderecho","tag-abogacia-y-notariado","tag-avidan-ortiz","tag-derecho","tag-examenes-publicos","tag-fechas-de-graduacion","tag-licenciatura","tag-tesis","tag-usac"],"blocksy_meta":[],"_links":{"self":[{"href":"http:\/\/estuderecho.com\/sitio\/index.php?rest_route=\/wp\/v2\/posts\/2065","targetHints":{"allow":["GET"]}}],"collection":[{"href":"http:\/\/estuderecho.com\/sitio\/index.php?rest_route=\/wp\/v2\/posts"}],"about":[{"href":"http:\/\/estuderecho.com\/sitio\/index.php?rest_route=\/wp\/v2\/types\/post"}],"author":[{"embeddable":true,"href":"http:\/\/estuderecho.com\/sitio\/index.php?rest_route=\/wp\/v2\/users\/1"}],"replies":[{"embeddable":true,"href":"http:\/\/estuderecho.com\/sitio\/index.php?rest_route=%2Fwp%2Fv2%2Fcomments&post=2065"}],"version-history":[{"count":2,"href":"http:\/\/estuderecho.com\/sitio\/index.php?rest_route=\/wp\/v2\/posts\/2065\/revisions"}],"predecessor-version":[{"id":2067,"href":"http:\/\/estuderecho.com\/sitio\/index.php?rest_route=\/wp\/v2\/posts\/2065\/revisions\/2067"}],"wp:attachment":[{"href":"http:\/\/estuderecho.com\/sitio\/index.php?rest_route=%2Fwp%2Fv2%2Fmedia&parent=2065"}],"wp:term":[{"taxonomy":"category","embeddable":true,"href":"http:\/\/estuderecho.com\/sitio\/index.php?rest_route=%2Fwp%2Fv2%2Fcategories&post=2065"},{"taxonomy":"post_tag","embeddable":true,"href":"http:\/\/estuderecho.com\/sitio\/index.php?rest_route=%2Fwp%2Fv2%2Ftags&post=2065"}],"curies":[{"name":"wp","href":"https:\/\/api.w.org\/{rel}","templated":true}]}}