{"id":3420,"date":"2015-05-06T14:11:04","date_gmt":"2015-05-06T20:11:04","guid":{"rendered":"http:\/\/estuderecho.com\/sitio\/?p=3420"},"modified":"2015-05-06T14:09:11","modified_gmt":"2015-05-06T20:09:11","slug":"unete-al-reto-teretoguatemalteco","status":"publish","type":"post","link":"http:\/\/estuderecho.com\/sitio\/?p=3420","title":{"rendered":"\u00danete al reto #TeRetoGuatemalteco"},"content":{"rendered":"<p>Buenas tardes soy Yuri Armando Franco, ciudadano guatemalteco, indignado como los 15 millones de guatemaltecos que hemos sido objeto del robo descarado de pol\u00edticos corruptos y del retraso de mi bello pa\u00eds, y no estoy de acuerdo con quedarme con los brazos cruzados, por eso lanzo el reto<\/p>\n<p><span style=\"color: #003366;\"><strong>#TeRetoGuatemalteco<\/strong><\/span> Los guatemaltecos estamos cansados de tanta corrupci\u00f3n,\u00a0 del mal uso de los fondos p\u00fablicos, de la inseguridad, de la falta de educaci\u00f3n, de las deficiencias en salud, del retroceso en la econom\u00eda y del endeudamiento p\u00fablico y del robo descarado por parte de nuestros gobernantes a millones de guatemaltecos; es momento de despertar y cambiar nuestra querida #Guatemala!<\/p>\n<p>\u00danete a la campa\u00f1a\u00a0 TeRetoGuatemalteco usando el hashtag <strong>#TeRetoGuatemalteco<\/strong>\u00a0\u00a0para denunciar, proponer \u00a0y\u00a0 solicitar a las autoridades de turno cambios substanciales a la forma de gobierno, entre los objetivos del reto est\u00e1n el solicitar a los pol\u00edticos guatemaltecos que se reelegir\u00e1n dar a conocer sus proyectos de gobierno,\u00a0 a renunciar a su inmunidad, a dar la cara, \u00a0a todos los pol\u00edticos y funcionarios p\u00fablicos salientes a rendir cuentas, y a los que ingresar\u00e1n a dirigir los rumbos de nuestra naci\u00f3n que informen sus planes y el compromiso por una Guatemala mejor, denuncia, apoya \u00a0y construye una Guatemala distinta!<\/p>\n<p>Se vale usar los Hashtags <strong>#TeReto<\/strong> y\/o <strong>#TeRetoGuatemalteco<\/strong> para enviar tus peticiones a las diferentes dependencias del Estado, a los diputados, a los Ministros, a los Gobernadores Departamentales, a los Alcaldes, a los candidatos presidenciables, solo recuerda mantener el respeto<\/p>\n<p>#TeReto a ti amigo #guatemalteco a que te unas, denuncies, y apoyes esta iniciativa de lanzar el reto a los pol\u00edticos a mejorar #Guatemala. Aceptas el Reto?<\/p>\n<p>Algunos ejemplos de las peticiones concretas son:<\/p>\n<p><strong>#TeRetoGuatemalteco<\/strong> <strong>#TSE<\/strong> a que proh\u00edbas colocar publicidad de pol\u00edticos en los postes de alumbrado p\u00fablico<\/p>\n<p><strong>#TeRetoGuatemalteco\u00a0 #Alcalde<\/strong> y Consejo Municipal a preservar el ornato municipal prohibiendo propaganda y publicidad en postes!\u00a0 Pasalo a los #338MunicipiosdeGuatemala<\/p>\n<p><strong>#TeRetoGuatemalteco<\/strong> candidato a la Presidencia a que hagas p\u00fablico quienes ser\u00e1n tus Ministros y por qu\u00e9 deber\u00edamos votar por tu partido?<\/p>\n<p><strong>#TeRetoGuatemalteco<\/strong> candidato a la Presidencia a que informes qui\u00e9nes son tus financistas<\/p>\n<p><strong>#TeRetoGuatemalteco<\/strong>\u00a0Presidente @OttoPerezMolina a que renuncies a tu inmunidad<\/p>\n<p><strong>#TeRetoGuatemalteco<\/strong>\u00a0 @roxanabaldetti a enfrentar la Justicia!<\/p>\n<p><strong>#TeRetoGuatemalteco<\/strong>\u00a0@AmilcarRiveraGT a que retires la publicidad de los postes de alumbrado P\u00fablico<\/p>\n<p><strong>#TeRetoGuatemalteco<\/strong>\u00a0 a que digas #NO a la contaminaci\u00f3n visual en los Municipios y Departamentos de Guatemala<\/p>\n<p><strong>#TeRetoGuatemalteco<\/strong>\u00a0 #DiputadoGT a que renuncies a tu puesto para hacer pol\u00edtica libremente<\/p>\n<p><strong>\u00danete y haz uso de esta herramienta! Hagamos este ejercicio Espero tu apoyo, no por m\u00ed, sino por Guatemala!<\/strong><\/p>\n<p>Difunde, comparte, socializa en tus redes sociales, con imagenes, textos, slogans, integralo en tu website o blog, muchas gracias!<\/p>\n<p><a href=\"https:\/\/twitter.com\/hashtag\/\" target=\"_blank\">https:\/\/twitter.com\/hashtag\/<\/a><b>Te<wbr \/>RetoGuatemalteco\u00a0<\/b><\/p>\n","protected":false},"excerpt":{"rendered":"<p>Buenas tardes soy Yuri Armando Franco, ciudadano guatemalteco, indignado como los 15 millones de guatemaltecos que hemos sido objeto del robo descarado de pol\u00edticos corruptos y del retraso de mi bello pa\u00eds, y no estoy de acuerdo con quedarme con los brazos cruzados, por eso lanzo el reto #TeRetoGuatemalteco Los guatemaltecos estamos cansados de tanta [&hellip;]<\/p>\n","protected":false},"author":1,"featured_media":0,"comment_status":"open","ping_status":"open","sticky":false,"template":"","format":"standard","meta":{"footnotes":""},"categories":[3,525,6,1,4441],"tags":[23,5275,5276,1724,3035,103,240],"class_list":["post-3420","post","type-post","status-publish","format-standard","hentry","category-articulos","category-eventos-2","category-para-estudiantes","category-uncategorized","category-usac-2","tag-guatemala","tag-reto","tag-teretoguatemalteco","tag-umg","tag-url","tag-usac","tag-yuri-franco"],"blocksy_meta":[],"_links":{"self":[{"href":"http:\/\/estuderecho.com\/sitio\/index.php?rest_route=\/wp\/v2\/posts\/3420","targetHints":{"allow":["GET"]}}],"collection":[{"href":"http:\/\/estuderecho.com\/sitio\/index.php?rest_route=\/wp\/v2\/posts"}],"about":[{"href":"http:\/\/estuderecho.com\/sitio\/index.php?rest_route=\/wp\/v2\/types\/post"}],"author":[{"embeddable":true,"href":"http:\/\/estuderecho.com\/sitio\/index.php?rest_route=\/wp\/v2\/users\/1"}],"replies":[{"embeddable":true,"href":"http:\/\/estuderecho.com\/sitio\/index.php?rest_route=%2Fwp%2Fv2%2Fcomments&post=3420"}],"version-history":[{"count":9,"href":"http:\/\/estuderecho.com\/sitio\/index.php?rest_route=\/wp\/v2\/posts\/3420\/revisions"}],"predecessor-version":[{"id":3429,"href":"http:\/\/estuderecho.com\/sitio\/index.php?rest_route=\/wp\/v2\/posts\/3420\/revisions\/3429"}],"wp:attachment":[{"href":"http:\/\/estuderecho.com\/sitio\/index.php?rest_route=%2Fwp%2Fv2%2Fmedia&parent=3420"}],"wp:term":[{"taxonomy":"category","embeddable":true,"href":"http:\/\/estuderecho.com\/sitio\/index.php?rest_route=%2Fwp%2Fv2%2Fcategories&post=3420"},{"taxonomy":"post_tag","embeddable":true,"href":"http:\/\/estuderecho.com\/sitio\/index.php?rest_route=%2Fwp%2Fv2%2Ftags&post=3420"}],"curies":[{"name":"wp","href":"https:\/\/api.w.org\/{rel}","templated":true}]}}