{"id":3446,"date":"2015-06-08T09:06:47","date_gmt":"2015-06-08T15:06:47","guid":{"rendered":"http:\/\/estuderecho.com\/sitio\/?p=3446"},"modified":"2015-06-08T09:08:30","modified_gmt":"2015-06-08T15:08:30","slug":"constitucion-y-justicia-constitucional-en-centroamerica","status":"publish","type":"post","link":"http:\/\/estuderecho.com\/sitio\/?p=3446","title":{"rendered":"Constituci\u00f3n y Justicia Constitucional en Centroam\u00e9rica"},"content":{"rendered":"<p>Durante la celebraci\u00f3n del Foro sobre \u00abLos procesos de paz en Centroam\u00e9rica y las funciones de las Cortes de Constitucionalidad\u00bb, en Barcelona, en abril de 2001, al que asistieron presidentes y magistrados representantes de las Cortes Supremas y de Constitucionalidad de Guatemala, El Salvador, Honduras, Nicaragua y Costa Rica, se observ\u00f3 la necesidad de avanzar en la formaci\u00f3n continuada de jueces, letrados y dem\u00e1s personal al servicio de la Administraci\u00f3n de Justicia en materias relacionadas con la justicia constitucional y la protecci\u00f3n de los derechos humanos. A tal efecto se propuso la creaci\u00f3n de un Centro de Estudios y Formaci\u00f3n Constitucional Centroamericano (CEFCCA) y se suscribi\u00f3 una declaraci\u00f3n de intenciones (Declaraci\u00f3n de Barcelona) a propuesta del Instituto Catal\u00e1n de Cooperaci\u00f3n Iberoamericana (ICCI), con el acuerdo de presentar el proyecto a las instituciones de Catalu\u00f1a y as\u00ed hacer efectiva su viabilidad.<\/p>\n<p>&nbsp;<\/p>\n<p>El CEFCCA fue formalmente constituido en la reuni\u00f3n celebrada en San Jos\u00e9 de Costa Rica, con la asistencia de representantes de todas las Cortes Supremas y de Constitucionalidad actoras, adem\u00e1s de la Corte Suprema de Panam\u00e1, de la Secretar\u00eda de Relaciones Exteriores de la Generalidad de Catalu\u00f1a y del Consejo Consultivo de la Generalidad de Catalu\u00f1a. Se eligi\u00f3 como Director del CEFCCA al magistrado Luis Fernando Solano Carrera, presidente de la Sala Constitucional de la Corte Suprema de Costa Rica. Posteriormente se puso en marcha la primera fase del proyecto, financiado 6 por la Agencia Catalana de Cooperaci\u00f3n al Desarrollo. En esa primera fase se han organizado jornadas de estudio y reflexi\u00f3n en todos y cada uno de los pa\u00edses integrados en el proyecto, centradas en el examen de los problemas propios de la justicia constitucional y muy particularmente de su actuaci\u00f3n como jurisdicci\u00f3n constitucional de la libertad, para la tutela de los derechos fundamentales. Estamos convencidos de que, dentro de las limitaciones propias de una actividad tan modesta, nuestra aportaci\u00f3n ha contribuido a la mejora del sistema judicial de los diferentes pa\u00edses participantes y, consecuentemente, al avance hacia la consecuci\u00f3n de un Estado de Derecho que ser\u00eda inimaginable sin la presencia de un Poder Judicial independiente sometido exclusivamente a la ley y al derecho. En el presente volumen se recogen algunas de las intervenciones realizadas en esas Jornadas, as\u00ed como aportaciones sobre las distintas materias que han sido objeto de debate y examen en ellas, elaboradas por prestigiosos magistrados de las diferentes Cortes Supremas y de Constitucionalidad y por los consejeros del Consejo Consultivo de la Generalidad de Catalu\u00f1a que participaron en su preparaci\u00f3n y ejecuci\u00f3n. Su contenido es una clara demostraci\u00f3n del elevado nivel cient\u00edfico que se ha alcanzado en la preparaci\u00f3n y realizaci\u00f3n de las diferentes Jornadas, y constituye un acicate para mejorar y profundizar el proyecto as\u00ed iniciado durante los pr\u00f3ximos a\u00f1os.<\/p>\n<p>&nbsp;<\/p>\n<p>Descargue el documento http:\/\/www.cc.gob.gt\/documentoscc\/constitucionyjusticia.pdf<\/p>\n","protected":false},"excerpt":{"rendered":"<p>Durante la celebraci\u00f3n del Foro sobre \u00abLos procesos de paz en Centroam\u00e9rica y las funciones de las Cortes de Constitucionalidad\u00bb, en Barcelona, en abril de 2001, al que asistieron presidentes y magistrados representantes de las Cortes Supremas y de Constitucionalidad de Guatemala, El Salvador, Honduras, Nicaragua y Costa Rica, se observ\u00f3 la necesidad de avanzar [&hellip;]<\/p>\n","protected":false},"author":1,"featured_media":0,"comment_status":"open","ping_status":"open","sticky":false,"template":"","format":"standard","meta":{"footnotes":""},"categories":[323,3,2704,4374,6,1,9],"tags":[3893,2185,1980,1982,23,1984,5282,940],"class_list":["post-3446","post","type-post","status-publish","format-standard","hentry","category-apuntes","category-articulos","category-leyes-centroamericanas","category-leyes-internacionales","category-para-estudiantes","category-uncategorized","category-utilidades-2","tag-centroamerica","tag-constitucion","tag-costa-rica","tag-el-salvador","tag-guatemala","tag-honduras","tag-justicia-constitucional","tag-nicaragua"],"blocksy_meta":[],"_links":{"self":[{"href":"http:\/\/estuderecho.com\/sitio\/index.php?rest_route=\/wp\/v2\/posts\/3446","targetHints":{"allow":["GET"]}}],"collection":[{"href":"http:\/\/estuderecho.com\/sitio\/index.php?rest_route=\/wp\/v2\/posts"}],"about":[{"href":"http:\/\/estuderecho.com\/sitio\/index.php?rest_route=\/wp\/v2\/types\/post"}],"author":[{"embeddable":true,"href":"http:\/\/estuderecho.com\/sitio\/index.php?rest_route=\/wp\/v2\/users\/1"}],"replies":[{"embeddable":true,"href":"http:\/\/estuderecho.com\/sitio\/index.php?rest_route=%2Fwp%2Fv2%2Fcomments&post=3446"}],"version-history":[{"count":3,"href":"http:\/\/estuderecho.com\/sitio\/index.php?rest_route=\/wp\/v2\/posts\/3446\/revisions"}],"predecessor-version":[{"id":3449,"href":"http:\/\/estuderecho.com\/sitio\/index.php?rest_route=\/wp\/v2\/posts\/3446\/revisions\/3449"}],"wp:attachment":[{"href":"http:\/\/estuderecho.com\/sitio\/index.php?rest_route=%2Fwp%2Fv2%2Fmedia&parent=3446"}],"wp:term":[{"taxonomy":"category","embeddable":true,"href":"http:\/\/estuderecho.com\/sitio\/index.php?rest_route=%2Fwp%2Fv2%2Fcategories&post=3446"},{"taxonomy":"post_tag","embeddable":true,"href":"http:\/\/estuderecho.com\/sitio\/index.php?rest_route=%2Fwp%2Fv2%2Ftags&post=3446"}],"curies":[{"name":"wp","href":"https:\/\/api.w.org\/{rel}","templated":true}]}}