{"id":3480,"date":"2015-09-23T11:25:12","date_gmt":"2015-09-23T17:25:12","guid":{"rendered":"http:\/\/estuderecho.com\/sitio\/?p=3480"},"modified":"2015-09-23T11:25:12","modified_gmt":"2015-09-23T17:25:12","slug":"dia-del-abogado-en-guatemala-2","status":"publish","type":"post","link":"http:\/\/estuderecho.com\/sitio\/?p=3480","title":{"rendered":"D\u00eda del Abogado en Guatemala"},"content":{"rendered":"<p>El d\u00eda del Abogado se celebra en Guatemala el 24 de Septiembre, existe un acuerdo al respecto de esta fecha, el cual les comparto para su conocimiento y anticipadamente muchas felicidades a los Abogados en formaci\u00f3n y todo el gremio profesional!<\/p>\n<p>El \u201cD\u00eda del Abogado\u201d se celebra en Guatemala el 24 de Septiembre. Es un d\u00eda conmemorativo dedicado a la noble profesi\u00f3n de la abogac\u00eda.<\/p>\n<p>Esta celebraci\u00f3n tiene su origen en el d\u00eda de la Virgen de La Merced, patrona del gremio.<\/p>\n<p>Abogado viene del lat\u00edn \u201cad vocatus\u201d (advocare), que significa llamar, el abogado est\u00e1 llamado a representar a otro, asumiendo su defensa y protegiendo sus intereses.<\/p>\n<p>En la antigua Roma eran quienes ten\u00edan conocimientos de las leyes, y eran llamados a acompa\u00f1ar a las personas que las desconoc\u00edan, para brindarles su apoyo al comparecer ante los tribunales.<\/p>\n<p><iframe loading=\"lazy\" src=\"http:\/\/www.slideshare.net\/slideshow\/embed_code\/14346081\" height=\"337\" width=\"400\" frameborder=\"0\" marginwidth=\"0\" marginheight=\"0\" scrolling=\"no\"><\/iframe><\/p>\n<div id=\"facebook_like\"><iframe loading=\"lazy\" src=\"http:\/\/www.facebook.com\/plugins\/like.php?href=http%3A%2F%2Festuderecho.com%2Fsitio%2F%3Fp%3D886&amp;layout=standard&amp;show_faces=true&amp;width=500&amp;action=like&amp;font=segoe+ui&amp;colorscheme=light&amp;height=80\" height=\"240\" width=\"320\" frameborder=\"0\" scrolling=\"no\"><\/iframe><\/div>\n","protected":false},"excerpt":{"rendered":"<p>El d\u00eda del Abogado se celebra en Guatemala el 24 de Septiembre, existe un acuerdo al respecto de esta fecha, el cual les comparto para su conocimiento y anticipadamente muchas felicidades a los Abogados en formaci\u00f3n y todo el gremio profesional! El \u201cD\u00eda del Abogado\u201d se celebra en Guatemala el 24 de Septiembre. Es un [&hellip;]<\/p>\n","protected":false},"author":1,"featured_media":0,"comment_status":"open","ping_status":"open","sticky":false,"template":"","format":"standard","meta":{"footnotes":""},"categories":[3,870,525,8,6,9],"tags":[5359,750,23],"class_list":["post-3480","post","type-post","status-publish","format-standard","hentry","category-articulos","category-cang","category-eventos-2","category-noticias-2","category-para-estudiantes","category-utilidades-2","tag-dia-de-los-abogados","tag-dia-del-abogado","tag-guatemala"],"blocksy_meta":[],"_links":{"self":[{"href":"http:\/\/estuderecho.com\/sitio\/index.php?rest_route=\/wp\/v2\/posts\/3480","targetHints":{"allow":["GET"]}}],"collection":[{"href":"http:\/\/estuderecho.com\/sitio\/index.php?rest_route=\/wp\/v2\/posts"}],"about":[{"href":"http:\/\/estuderecho.com\/sitio\/index.php?rest_route=\/wp\/v2\/types\/post"}],"author":[{"embeddable":true,"href":"http:\/\/estuderecho.com\/sitio\/index.php?rest_route=\/wp\/v2\/users\/1"}],"replies":[{"embeddable":true,"href":"http:\/\/estuderecho.com\/sitio\/index.php?rest_route=%2Fwp%2Fv2%2Fcomments&post=3480"}],"version-history":[{"count":1,"href":"http:\/\/estuderecho.com\/sitio\/index.php?rest_route=\/wp\/v2\/posts\/3480\/revisions"}],"predecessor-version":[{"id":3481,"href":"http:\/\/estuderecho.com\/sitio\/index.php?rest_route=\/wp\/v2\/posts\/3480\/revisions\/3481"}],"wp:attachment":[{"href":"http:\/\/estuderecho.com\/sitio\/index.php?rest_route=%2Fwp%2Fv2%2Fmedia&parent=3480"}],"wp:term":[{"taxonomy":"category","embeddable":true,"href":"http:\/\/estuderecho.com\/sitio\/index.php?rest_route=%2Fwp%2Fv2%2Fcategories&post=3480"},{"taxonomy":"post_tag","embeddable":true,"href":"http:\/\/estuderecho.com\/sitio\/index.php?rest_route=%2Fwp%2Fv2%2Ftags&post=3480"}],"curies":[{"name":"wp","href":"https:\/\/api.w.org\/{rel}","templated":true}]}}