{"id":3488,"date":"2015-09-23T15:55:19","date_gmt":"2015-09-23T21:55:19","guid":{"rendered":"http:\/\/estuderecho.com\/sitio\/?p=3488"},"modified":"2015-09-23T15:57:22","modified_gmt":"2015-09-23T21:57:22","slug":"dia-del-colegio-de-abogados","status":"publish","type":"post","link":"http:\/\/estuderecho.com\/sitio\/?p=3488","title":{"rendered":"D\u00cdA DEL COLEGIO DE ABOGADOS"},"content":{"rendered":"<p><strong>D\u00cdA DEL COLEGIO DE ABOGADOS<\/strong><\/p>\n<p>En 1810 gracias a la actividad e influencia del Doctor Jos\u00e9 Mar\u00eda Alvarez y Estrada, se fund\u00f3 el Colegio de Abogados, cuyos estatutos iniciales establec\u00edan que para inscribirse en dicho Colegio, adem\u00e1s de realizar un trabajo acad\u00e9mico\u00a0 y poseer las condiciones \u00e9ticas y morales, se deb\u00eda presentar ante la Secretar\u00eda del Colegio, el t\u00edtulo de Abogado de Guatemala.\u00a0\u00a0 Es importante mencionar que el Colegio es probablemente el primero fundado en Norte y Centro Am\u00e9rica.\u00a0\u00a0\u00a0 El primer abogado que se incorpor\u00f3 fue el Doctor Juan Francisco Aguilar, quien fue inscrito el d\u00eda 11 de marzo de 1811, haciendo su incorporaci\u00f3n de conformidad con el art\u00edculo 2 del estatuto 2.\u00a0<img loading=\"lazy\" decoding=\"async\" class=\"alignright\" alt=\"\" src=\"http:\/\/www.infoconsult.pro\/uploads\/1\/3\/4\/6\/13469002\/3886699_orig.gif\" width=\"118\" height=\"174\" \/><\/p>\n<p>En 1832, el Colegio de Abogados pas\u00f3 a formar parte de la Academia de Estudios creada por el Doctor Mariano G\u00e1lvez de Guatemala.<\/p>\n<p>El 30 de octubre de 1852 por despacho de la Corte Suprema de Justicia, el Colegio de Abogados fue nuevamente reestablecido.<\/p>\n<p>Los afanes gremiales quedaron en suspenso hasta que a la ca\u00edda del Licenciado Manuel Estrada Cabrera, un grupo de jurisconsultos funda la Asociaci\u00f3n de Abogados de Guatemala en el a\u00f1o 1922, funcion\u00f3 hasta principios del gobierno del General Jorge Ubico, pero no continu\u00f3 en actividades.<\/p>\n<p>El 2 de junio de 1930 otro grupo de profesionales fund\u00f3 la Barra de Abogados de Guatemala, pero la dictadura ubiquista se encarg\u00f3 de frustrar los ideales de los distinguidos juristas que tomaron esa valiosa iniciativa, ya por acuerdo de fecha 21 de octubre de 1931, se prohibi\u00f3 su funcionamiento.\u00a0\u00a0\u00a0 Surgi\u00f3 nuevamente la asociaci\u00f3n de Abogados a fines de 1946, cuyos estatutos fueron aprobados el 2 de diciembre del siguiente a\u00f1o, en tiempo del Presidente Juan Jos\u00e9 Ar\u00e9valo. Dentro del esp\u00edritu revolucionario de la \u00e9poca, la Asociaci\u00f3n de Abogados jug\u00f3 un papel muy importante en la vida pol\u00edtica y jur\u00eddica del pa\u00eds.<\/p>\n<p>El 20 de marzo de 1947, se constituy\u00f3 el actual Colegio de Abogados y Notarios de Guatemala, de conformidad con el Decreto No. 332 del Congreso de la Rep\u00fablica de Guatemala, quedando formalmente inscrito, el 10 de noviembre de 1947, seg\u00fan el libro de actas de inscripci\u00f3n de los colegios profesionales del Consejo Superior Universitario de la Universidad de San Carlos de Guatemala.<\/p>\n<p>La Ley de Colegiaci\u00f3n Profesional Obligatoria data del a\u00f1o de 1947, dicha ley fue decretada durante el segundo de los tres gobiernos del per\u00edodo revolucionario, que procedieron al derrocamiento de la dictadura del General Jorge Ubico Casta\u00f1eda.\u00a0 Este decreto fue elevado a rango constitucional, conservando su categor\u00eda durante las subsiguientes constituciones de la Rep\u00fablica, hasta llegar a la presente.<\/p>\n<p>Sin embargo la existencia del Colegio de Abogados y Notarios de Guatemala, data del siglo pasado.\u00a0 Fue el primero que se estableci\u00f3 en nuestro pa\u00eds, por lo que la ley anteriormente citada s\u00f3lo vino a darle car\u00e1cter formal a un hecho existente, que sirvi\u00f3 de modelo para la organizaci\u00f3n y funcionamiento de los dem\u00e1s colegios profesionales.<\/p>\n<p>El arraigo y tradici\u00f3n del Colegio de Abogados y Notarios de Guatemala, lo ha colocado en la encrucijada de la historia en momentos determinantes para la vida institucional del pa\u00eds.\u00a0 As\u00ed cuando se promulg\u00f3 la Constituci\u00f3n de 1965, el Colegio se pronunci\u00f3 en contra de la designaci\u00f3n de los miembros de la Asamblea Nacional Constituyente que redactaron dicho instrumento, ya que los mismos debieron haber sido electos, y no designados.<\/p>\n<p>En 1982, la Junta Directiva presidida por el Abogado Juan Jos\u00e9 Rodil Peralta, tuvo la iniciativa de celebrar el 2 de junio de 1982 la conmemoraci\u00f3n del D\u00eda del Colegio de Abogados y Notarios de Guatemala, al igual que se festeja el d\u00eda 24 de septiembre el D\u00eda del Abogado.<\/p>\n","protected":false},"excerpt":{"rendered":"<p>D\u00cdA DEL COLEGIO DE ABOGADOS En 1810 gracias a la actividad e influencia del Doctor Jos\u00e9 Mar\u00eda Alvarez y Estrada, se fund\u00f3 el Colegio de Abogados, cuyos estatutos iniciales establec\u00edan que para inscribirse en dicho Colegio, adem\u00e1s de realizar un trabajo acad\u00e9mico\u00a0 y poseer las condiciones \u00e9ticas y morales, se deb\u00eda presentar ante la Secretar\u00eda [&hellip;]<\/p>\n","protected":false},"author":1,"featured_media":0,"comment_status":"open","ping_status":"open","sticky":false,"template":"","format":"standard","meta":{"footnotes":""},"categories":[3,309],"tags":[5362,132,1155,23,5360,5363,1725,5361],"class_list":["post-3488","post","type-post","status-publish","format-standard","hentry","category-articulos","category-leyes-de-guatemala","tag-barra-de-abogados-de-guatemala","tag-colegio-de-abogados","tag-corte-suprema-de-justicia","tag-guatemala","tag-juan-francisco-aguilar","tag-ley-de-colegiacion-profesional-obligatoria","tag-mariano-galvez","tag-trabajo-academico"],"blocksy_meta":[],"_links":{"self":[{"href":"http:\/\/estuderecho.com\/sitio\/index.php?rest_route=\/wp\/v2\/posts\/3488","targetHints":{"allow":["GET"]}}],"collection":[{"href":"http:\/\/estuderecho.com\/sitio\/index.php?rest_route=\/wp\/v2\/posts"}],"about":[{"href":"http:\/\/estuderecho.com\/sitio\/index.php?rest_route=\/wp\/v2\/types\/post"}],"author":[{"embeddable":true,"href":"http:\/\/estuderecho.com\/sitio\/index.php?rest_route=\/wp\/v2\/users\/1"}],"replies":[{"embeddable":true,"href":"http:\/\/estuderecho.com\/sitio\/index.php?rest_route=%2Fwp%2Fv2%2Fcomments&post=3488"}],"version-history":[{"count":1,"href":"http:\/\/estuderecho.com\/sitio\/index.php?rest_route=\/wp\/v2\/posts\/3488\/revisions"}],"predecessor-version":[{"id":3489,"href":"http:\/\/estuderecho.com\/sitio\/index.php?rest_route=\/wp\/v2\/posts\/3488\/revisions\/3489"}],"wp:attachment":[{"href":"http:\/\/estuderecho.com\/sitio\/index.php?rest_route=%2Fwp%2Fv2%2Fmedia&parent=3488"}],"wp:term":[{"taxonomy":"category","embeddable":true,"href":"http:\/\/estuderecho.com\/sitio\/index.php?rest_route=%2Fwp%2Fv2%2Fcategories&post=3488"},{"taxonomy":"post_tag","embeddable":true,"href":"http:\/\/estuderecho.com\/sitio\/index.php?rest_route=%2Fwp%2Fv2%2Ftags&post=3488"}],"curies":[{"name":"wp","href":"https:\/\/api.w.org\/{rel}","templated":true}]}}