{"id":4142,"date":"2016-04-04T09:47:40","date_gmt":"2016-04-04T15:47:40","guid":{"rendered":"http:\/\/estuderecho.com\/sitio\/?p=4142"},"modified":"2016-04-04T09:49:27","modified_gmt":"2016-04-04T15:49:27","slug":"resultados-primera-vuelta-profesionales-1-de-abril-de-2016-eleccion-decano-usac","status":"publish","type":"post","link":"http:\/\/estuderecho.com\/sitio\/?p=4142","title":{"rendered":"Resultados  Primera vuelta Profesionales 1 de abril de 2016 Elecci\u00f3n Decano USAC"},"content":{"rendered":"<p>Buenos d\u00edas, enviamos un cordial saludo, les damos a conocer los resultados que se dieron en la primer vuelta de la elecci\u00f3n de Decano de Derecho de la Universidad de San Carlos de Guatemala, por parte del sector profesional dejando resultados muy interesantes!<\/p>\n<p>El d\u00eda de hoy se llevar\u00e1 a cabo la elecci\u00f3n por parte del gremio estudiantil, deseamos toda la seriedad del caso y que sea un voto conciente por el rescate del prestigio, la calidad acad\u00e9mica y social de nuestra casa de estudios!<\/p>\n<p><strong>Nosotros apoyamos la Planilla 4!<\/strong> por que creemos que es la mejor opci\u00f3n!<\/p>\n<p><img decoding=\"async\" src=\"https:\/\/lh5.googleusercontent.com\/-JL2av7qWfeo\/VwKLMwRKO9I\/AAAAAAAABu0\/69IVUkusQOAXO0OidT7-m_6MZNd3zMs2w\/w1179-h782-no\/resultados%2BDecano%2Bprofesionales.jpg\" alt=\"\" \/><\/p>\n<p>&nbsp;<\/p>\n","protected":false},"excerpt":{"rendered":"<p>Buenos d\u00edas, enviamos un cordial saludo, les damos a conocer los resultados que se dieron en la primer vuelta de la elecci\u00f3n de Decano de Derecho de la Universidad de San Carlos de Guatemala, por parte del sector profesional dejando resultados muy interesantes! El d\u00eda de hoy se llevar\u00e1 a cabo la elecci\u00f3n por parte [&hellip;]<\/p>\n","protected":false},"author":1,"featured_media":0,"comment_status":"open","ping_status":"open","sticky":false,"template":"","format":"standard","meta":{"footnotes":""},"categories":[3],"tags":[526,801,527,30,23,3373,6346,5441,5442,6345,6347,1746,103],"class_list":["post-4142","post","type-post","status-publish","format-standard","hentry","category-articulos","tag-avidan-ortiz","tag-docentes","tag-eleccion-de-decano","tag-estudiantes","tag-guatemala","tag-gustavo-bonilla","tag-mynor-berganza","tag-mynor-rueda","tag-otto-arenas","tag-ovidio-parra","tag-planilla-4","tag-profesionales","tag-usac"],"blocksy_meta":[],"_links":{"self":[{"href":"http:\/\/estuderecho.com\/sitio\/index.php?rest_route=\/wp\/v2\/posts\/4142","targetHints":{"allow":["GET"]}}],"collection":[{"href":"http:\/\/estuderecho.com\/sitio\/index.php?rest_route=\/wp\/v2\/posts"}],"about":[{"href":"http:\/\/estuderecho.com\/sitio\/index.php?rest_route=\/wp\/v2\/types\/post"}],"author":[{"embeddable":true,"href":"http:\/\/estuderecho.com\/sitio\/index.php?rest_route=\/wp\/v2\/users\/1"}],"replies":[{"embeddable":true,"href":"http:\/\/estuderecho.com\/sitio\/index.php?rest_route=%2Fwp%2Fv2%2Fcomments&post=4142"}],"version-history":[{"count":2,"href":"http:\/\/estuderecho.com\/sitio\/index.php?rest_route=\/wp\/v2\/posts\/4142\/revisions"}],"predecessor-version":[{"id":4144,"href":"http:\/\/estuderecho.com\/sitio\/index.php?rest_route=\/wp\/v2\/posts\/4142\/revisions\/4144"}],"wp:attachment":[{"href":"http:\/\/estuderecho.com\/sitio\/index.php?rest_route=%2Fwp%2Fv2%2Fmedia&parent=4142"}],"wp:term":[{"taxonomy":"category","embeddable":true,"href":"http:\/\/estuderecho.com\/sitio\/index.php?rest_route=%2Fwp%2Fv2%2Fcategories&post=4142"},{"taxonomy":"post_tag","embeddable":true,"href":"http:\/\/estuderecho.com\/sitio\/index.php?rest_route=%2Fwp%2Fv2%2Ftags&post=4142"}],"curies":[{"name":"wp","href":"https:\/\/api.w.org\/{rel}","templated":true}]}}