{"id":4150,"date":"2016-04-05T08:47:39","date_gmt":"2016-04-05T14:47:39","guid":{"rendered":"http:\/\/estuderecho.com\/sitio\/?p=4150"},"modified":"2016-04-05T09:07:06","modified_gmt":"2016-04-05T15:07:06","slug":"resultados-de-la-eleccion-de-decano-de-la-usac","status":"publish","type":"post","link":"http:\/\/estuderecho.com\/sitio\/?p=4150","title":{"rendered":"Resultados de la elecci\u00f3n de Decano de la USAC!"},"content":{"rendered":"<p>El d\u00eda de ayer se llev\u00f3 a cabo la primera vuelta de la elecci\u00f3n de Decano por parte de los estudiantes de la Facultad de Derecho de la Universidad de San Carlos de Guatemala!<\/p>\n<p>Del resultado preliminar se infiere que los candidatos Avid\u00e1n Ort\u00edz y Gustavo Bonilla pasan a segunda vuelta, la cual se llevar\u00e1 a cabo el mi\u00e9rcoles 6 de abril de 2016!<\/p>\n<p><strong>An\u00e1lisis breve:<\/strong> 2,435 estudiantes est\u00e1n a \u00a0favor que contin\u00fae el actual Decano, mientras que 3161 estudiantes est\u00e1n en contra de la figura de la reelecci\u00f3n y quieren cambios de forma y de fondo. Hacemos el llamado nuevamente a los estudiantes a acercarse a las urnas y elegir lo mejor para la facultad de Ciencias Jur\u00eddicas y Sociales y para ustedes como estudiantes, por que son 4 a\u00f1os que tendr\u00e1n al Decano que elijan, despu\u00e9s no hay marcha atr\u00e1s!<\/p>\n<p><img decoding=\"async\" class=\"aligncenter\" src=\"https:\/\/lh5.googleusercontent.com\/-ANPS1xuHA_o\/VwPQWJS5nuI\/AAAAAAAABvc\/w2ATfOOIls4vxQgXaAjARJ2GNWj0jAH6A\/w1179-h782-no\/resultados%2BDecano%2Bestudiantes.jpg\" alt=\"\" \/><\/p>\n","protected":false},"excerpt":{"rendered":"<p>El d\u00eda de ayer se llev\u00f3 a cabo la primera vuelta de la elecci\u00f3n de Decano por parte de los estudiantes de la Facultad de Derecho de la Universidad de San Carlos de Guatemala! Del resultado preliminar se infiere que los candidatos Avid\u00e1n Ort\u00edz y Gustavo Bonilla pasan a segunda vuelta, la cual se llevar\u00e1 [&hellip;]<\/p>\n","protected":false},"author":1,"featured_media":0,"comment_status":"open","ping_status":"open","sticky":false,"template":"","format":"standard","meta":{"footnotes":""},"categories":[3],"tags":[526,605,6375,30,1787,3373,6374,103],"class_list":["post-4150","post","type-post","status-publish","format-standard","hentry","category-articulos","tag-avidan-ortiz","tag-decano","tag-eleccion","tag-estudiantes","tag-facultad-de-derecho","tag-gustavo-bonilla","tag-gutemala","tag-usac"],"blocksy_meta":[],"_links":{"self":[{"href":"http:\/\/estuderecho.com\/sitio\/index.php?rest_route=\/wp\/v2\/posts\/4150","targetHints":{"allow":["GET"]}}],"collection":[{"href":"http:\/\/estuderecho.com\/sitio\/index.php?rest_route=\/wp\/v2\/posts"}],"about":[{"href":"http:\/\/estuderecho.com\/sitio\/index.php?rest_route=\/wp\/v2\/types\/post"}],"author":[{"embeddable":true,"href":"http:\/\/estuderecho.com\/sitio\/index.php?rest_route=\/wp\/v2\/users\/1"}],"replies":[{"embeddable":true,"href":"http:\/\/estuderecho.com\/sitio\/index.php?rest_route=%2Fwp%2Fv2%2Fcomments&post=4150"}],"version-history":[{"count":7,"href":"http:\/\/estuderecho.com\/sitio\/index.php?rest_route=\/wp\/v2\/posts\/4150\/revisions"}],"predecessor-version":[{"id":4157,"href":"http:\/\/estuderecho.com\/sitio\/index.php?rest_route=\/wp\/v2\/posts\/4150\/revisions\/4157"}],"wp:attachment":[{"href":"http:\/\/estuderecho.com\/sitio\/index.php?rest_route=%2Fwp%2Fv2%2Fmedia&parent=4150"}],"wp:term":[{"taxonomy":"category","embeddable":true,"href":"http:\/\/estuderecho.com\/sitio\/index.php?rest_route=%2Fwp%2Fv2%2Fcategories&post=4150"},{"taxonomy":"post_tag","embeddable":true,"href":"http:\/\/estuderecho.com\/sitio\/index.php?rest_route=%2Fwp%2Fv2%2Ftags&post=4150"}],"curies":[{"name":"wp","href":"https:\/\/api.w.org\/{rel}","templated":true}]}}