{"id":4158,"date":"2016-04-05T13:47:45","date_gmt":"2016-04-05T19:47:45","guid":{"rendered":"http:\/\/estuderecho.com\/sitio\/?p=4158"},"modified":"2016-04-05T13:47:45","modified_gmt":"2016-04-05T19:47:45","slug":"candidatos-a-decano-de-derecho-de-la-usac-oficializan-el-apoyo-al-lic-gustavo-bonilla-para-decano-derecho-2016-2020","status":"publish","type":"post","link":"http:\/\/estuderecho.com\/sitio\/?p=4158","title":{"rendered":"Candidatos a Decano de Derecho de la USAC Oficializan el apoyo al Lic. Gustavo Bonilla para Decano Derecho 2016-2020"},"content":{"rendered":"<p>Buenas tardes, el d\u00eda de hoy se ha oficializado la alianza estrat\u00e9gica entre los candidatos a Decano por parte de la Facultad de Ciencias Jur\u00eddicas y Sociales de la Universidad de San Carlos de Guatemala, quienes han patentizado su apoyo al Licenciado Gustavo Bonilla para que juntos rescatemos a la Facultad de Derecho y retomemos la academia y el prestigio que actualmente est\u00e1 por los suelos, es por ello que los licenciados Otto Arenas, Ovidio Parra, Erick Huitz, Mynor\u00a0Berganza y Carlos V\u00e1squez han patentizado su apoyo incondicional al proyecto que lidera el profesional Gustavo Bonilla, y piden\u00a0a todos los estudiantes y profesionales del Derecho que apoyen <strong>la Planilla 4, \u00a0<\/strong>agradeciendo as\u00ed mismo por el apoyo brindado durante el actual proceso electoral! Todos juntos por una mejor Facultad, por la academia, por los cambios de forma y de fondo!<\/p>\n<p><img decoding=\"async\" class=\"aligncenter\" src=\"https:\/\/scontent-mia1-1.xx.fbcdn.net\/hphotos-xft1\/v\/t1.0-9\/12439184_10154023340814259_683960514747580369_n.jpg?oh=b432c8190314abec8c963cdba752441d&amp;oe=57733601\" alt=\"\" \/><\/p>\n<p><img decoding=\"async\" src=\"https:\/\/scontent-mia1-1.xx.fbcdn.net\/hphotos-xaf1\/v\/t1.0-9\/12928342_10154023331359259_659709370307685921_n.jpg?oh=15e4aeddc549d915bea7ff425327892e&amp;oe=57BE8867\" alt=\"\" \/><img decoding=\"async\" src=\"https:\/\/scontent-mia1-1.xx.fbcdn.net\/hphotos-xaf1\/v\/t1.0-9\/12920540_10154023331379259_5199155119799015763_n.jpg?oh=0b59144803a6863300fc8cbeac6ab7ca&amp;oe=5780E0FB\" alt=\"\" \/><img decoding=\"async\" src=\"https:\/\/scontent-mia1-1.xx.fbcdn.net\/hphotos-xfp1\/t31.0-8\/12957665_10154023331249259_8036448818740540160_o.jpg\" alt=\"\" \/><img decoding=\"async\" src=\"https:\/\/scontent-mia1-1.xx.fbcdn.net\/hphotos-xtf1\/t31.0-8\/12961425_10154023331394259_2701371963813040544_o.jpg\" alt=\"\" \/><img decoding=\"async\" src=\"https:\/\/scontent-mia1-1.xx.fbcdn.net\/hphotos-xaf1\/v\/t1.0-9\/12938114_10154023331449259_8110115159869430026_n.png?oh=c8e2b610550cee0dbc6e2250a87e8a72&amp;oe=578D0859\" alt=\"\" \/><\/p>\n<p>&nbsp;<\/p>\n","protected":false},"excerpt":{"rendered":"<p>Buenas tardes, el d\u00eda de hoy se ha oficializado la alianza estrat\u00e9gica entre los candidatos a Decano por parte de la Facultad de Ciencias Jur\u00eddicas y Sociales de la Universidad de San Carlos de Guatemala, quienes han patentizado su apoyo al Licenciado Gustavo Bonilla para que juntos rescatemos a la Facultad de Derecho y retomemos [&hellip;]<\/p>\n","protected":false},"author":1,"featured_media":0,"comment_status":"open","ping_status":"open","sticky":false,"template":"","format":"standard","meta":{"footnotes":""},"categories":[3],"tags":[5459,6343,6377,29,527,5456,141,2041,6379,6376,6346,5442,6345,6378],"class_list":["post-4158","post","type-post","status-publish","format-standard","hentry","category-articulos","tag-carlos-vasquez","tag-decano-derecho","tag-decanos-del-cambio","tag-derecho","tag-eleccion-de-decano","tag-erick-huitz","tag-estudiantes-por-derecho","tag-foro","tag-foro-derecho","tag-lis-gustavo-bonilla","tag-mynor-berganza","tag-otto-arenas","tag-ovidio-parra","tag-viva-la-usac"],"blocksy_meta":[],"_links":{"self":[{"href":"http:\/\/estuderecho.com\/sitio\/index.php?rest_route=\/wp\/v2\/posts\/4158","targetHints":{"allow":["GET"]}}],"collection":[{"href":"http:\/\/estuderecho.com\/sitio\/index.php?rest_route=\/wp\/v2\/posts"}],"about":[{"href":"http:\/\/estuderecho.com\/sitio\/index.php?rest_route=\/wp\/v2\/types\/post"}],"author":[{"embeddable":true,"href":"http:\/\/estuderecho.com\/sitio\/index.php?rest_route=\/wp\/v2\/users\/1"}],"replies":[{"embeddable":true,"href":"http:\/\/estuderecho.com\/sitio\/index.php?rest_route=%2Fwp%2Fv2%2Fcomments&post=4158"}],"version-history":[{"count":1,"href":"http:\/\/estuderecho.com\/sitio\/index.php?rest_route=\/wp\/v2\/posts\/4158\/revisions"}],"predecessor-version":[{"id":4159,"href":"http:\/\/estuderecho.com\/sitio\/index.php?rest_route=\/wp\/v2\/posts\/4158\/revisions\/4159"}],"wp:attachment":[{"href":"http:\/\/estuderecho.com\/sitio\/index.php?rest_route=%2Fwp%2Fv2%2Fmedia&parent=4158"}],"wp:term":[{"taxonomy":"category","embeddable":true,"href":"http:\/\/estuderecho.com\/sitio\/index.php?rest_route=%2Fwp%2Fv2%2Fcategories&post=4158"},{"taxonomy":"post_tag","embeddable":true,"href":"http:\/\/estuderecho.com\/sitio\/index.php?rest_route=%2Fwp%2Fv2%2Ftags&post=4158"}],"curies":[{"name":"wp","href":"https:\/\/api.w.org\/{rel}","templated":true}]}}