{"id":5339,"date":"2026-01-19T11:06:49","date_gmt":"2026-01-19T17:06:49","guid":{"rendered":"https:\/\/estuderecho.com\/sitio\/?p=5339"},"modified":"2026-01-21T09:21:55","modified_gmt":"2026-01-21T15:21:55","slug":"guia-academica-eleccion-de-la-corte-de-constitucionalidad-2026-2031-sector-cang","status":"publish","type":"post","link":"http:\/\/estuderecho.com\/sitio\/?p=5339","title":{"rendered":"Gu\u00eda Acad\u00e9mica: Elecci\u00f3n de la Corte de Constitucionalidad 2026-2031 (Sector CANG)"},"content":{"rendered":"\n<p><strong>Por: Redacci\u00f3n EstuDerecho<\/strong> <strong>Categor\u00eda: Derecho Constitucional \/ Actualidad Gremial<\/strong><\/p>\n\n\n\n<p>La renovaci\u00f3n de la Corte de Constitucionalidad (CC) representa el evento jur\u00eddico m\u00e1s trascendente para el Estado de Derecho en Guatemala. Como estudiantes de derecho, comprender este proceso no solo es un ejercicio acad\u00e9mico, sino una responsabilidad ciudadana. A continuaci\u00f3n, presentamos un an\u00e1lisis integral de la elecci\u00f3n que llevar\u00e1 a cabo el Colegio de Abogados y Notarios de Guatemala (CANG) para el periodo 2026-2031.<\/p>\n\n\n\n<figure class=\"wp-block-image size-large\"><a href=\"http:\/\/estuderecho.com\/sitio\/wp-content\/uploads\/2026\/01\/ChatGPT-Image-21-ene-2026-09_19_47-a.m.-2.png\"><img loading=\"lazy\" decoding=\"async\" width=\"683\" height=\"1024\" src=\"http:\/\/estuderecho.com\/sitio\/wp-content\/uploads\/2026\/01\/ChatGPT-Image-21-ene-2026-09_19_47-a.m.-2-683x1024.png\" alt=\"\" class=\"wp-image-5350\" srcset=\"http:\/\/estuderecho.com\/sitio\/wp-content\/uploads\/2026\/01\/ChatGPT-Image-21-ene-2026-09_19_47-a.m.-2-683x1024.png 683w, http:\/\/estuderecho.com\/sitio\/wp-content\/uploads\/2026\/01\/ChatGPT-Image-21-ene-2026-09_19_47-a.m.-2-200x300.png 200w, http:\/\/estuderecho.com\/sitio\/wp-content\/uploads\/2026\/01\/ChatGPT-Image-21-ene-2026-09_19_47-a.m.-2-768x1152.png 768w, http:\/\/estuderecho.com\/sitio\/wp-content\/uploads\/2026\/01\/ChatGPT-Image-21-ene-2026-09_19_47-a.m.-2.png 1024w\" sizes=\"auto, (max-width: 683px) 100vw, 683px\" \/><\/a><\/figure>\n\n\n\n<hr class=\"wp-block-separator has-alpha-channel-opacity\"\/>\n\n\n\n<h2 class=\"wp-block-heading\">1. An\u00e1lisis T\u00e9cnico: Requisitos del Art\u00edculo 270<\/h2>\n\n\n\n<p>Para que un aspirante pueda ser considerado apto, no basta con el respaldo gremial; debe superar el &#8220;test de constitucionalidad&#8221; que impone el <strong>Art\u00edculo 270<\/strong> de nuestra Carta Magna. Este art\u00edculo establece tres requisitos concurrentes y obligatorios:<\/p>\n\n\n\n<ul class=\"wp-block-list\">\n<li><strong>A. Ser abogado colegiado activo:<\/strong> No se refiere solo al pago de cuotas, sino a estar en el pleno goce de sus derechos civiles y profesionales, sin sanciones vigentes por parte del Tribunal de Honor.<\/li>\n\n\n\n<li><strong>B. Ser guatemalteco de origen:<\/strong> Requisito de nacionalidad por nacimiento que busca garantizar el arraigo y compromiso con el ordenamiento jur\u00eddico nacional.<\/li>\n\n\n\n<li><strong>C. Tener por lo menos quince a\u00f1os de graduaci\u00f3n profesional:<\/strong> Es un requisito de <strong>temporalidad y experiencia<\/strong>. La norma presume que quince a\u00f1os de ejercicio (ya sea en la magistratura, la docencia o el litigio) dotan al profesional de la madurez jur\u00eddica necesaria para interpretar la Constituci\u00f3n.<\/li>\n<\/ul>\n\n\n\n<h3 class=\"wp-block-heading\">El concepto de &#8220;Idoneidad y Honorabilidad&#8221;<\/h3>\n\n\n\n<p>Complementando el Art. 270, el <strong>Art\u00edculo 113<\/strong> de la Constituci\u00f3n exige &#8220;m\u00e9ritos de capacidad, idoneidad y honradez&#8221;. Para un estudiante de derecho, evaluar la idoneidad acad\u00e9mica significa analizar:<\/p>\n\n\n\n<ol start=\"1\" class=\"wp-block-list\">\n<li><strong>Producci\u00f3n Intelectual:<\/strong> \u00bfHa escrito libros o art\u00edculos jur\u00eddicos?<\/li>\n\n\n\n<li><strong>Docencia:<\/strong> \u00bfHa formado a nuevas generaciones en las aulas?<\/li>\n\n\n\n<li><strong>Jurisprudencia:<\/strong> Si ha sido juez, \u00bfcu\u00e1l es la calidad y fundamentaci\u00f3n de sus fallos?<\/li>\n<\/ol>\n\n\n\n<hr class=\"wp-block-separator has-alpha-channel-opacity\"\/>\n\n\n\n<h2 class=\"wp-block-heading\">2. Candidatos a Magistrado Titular (CANG 2026-2031)<\/h2>\n\n\n\n<p>De acuerdo con las inscripciones registradas ante el Tribunal Electoral del CANG para la asamblea del <strong>4 de febrero de 2026<\/strong>, estos son los perfiles de los aspirantes a la magistratura titular:<\/p>\n\n\n\n<h3 class=\"wp-block-heading\"><strong>Estuardo G\u00e1lvez Barrios<\/strong><\/h3>\n\n\n\n<p>Exrector de la Universidad de San Carlos de Guatemala (USAC) y figura hist\u00f3rica en el \u00e1mbito acad\u00e9mico-gremial. Su perfil se centra en su capacidad de gesti\u00f3n institucional y su trayectoria en la educaci\u00f3n superior. Representa a sectores que buscan un retorno a la influencia de la academia estatal en las decisiones de la justicia constitucional.<\/p>\n\n\n\n<h3 class=\"wp-block-heading\"><strong>N\u00e9ster Mauricio V\u00e1squez Pimentel<\/strong><\/h3>\n\n\n\n<p>Actual magistrado de la CC y expresidente de la Corte Suprema de Justicia. Posee un amplio recorrido en la carrera judicial y una base de apoyo consolidada en las planillas tradicionales del CANG. Su perfil es el de un conocedor profundo de la operatividad del sistema de justicia guatemalteco, aunque su candidatura suele generar debate por su influencia en la pol\u00edtica gremial.<\/p>\n\n\n\n<h3 class=\"wp-block-heading\"><strong>Astrid Jenet Lemus Rodr\u00edguez<\/strong><\/h3>\n\n\n\n<p>Magistrada de carrera del Organismo Judicial con experiencia en Salas de Apelaciones. Es vista como una candidata t\u00e9cnica que proviene del seno del sistema de tribunales. Su propuesta se enfoca en la profesionalizaci\u00f3n del an\u00e1lisis constitucional y el fortalecimiento de la independencia judicial frente a factores externos de presi\u00f3n.<\/p>\n\n\n\n<h3 class=\"wp-block-heading\"><strong>Luis Fernando Bermejo Qui\u00f1\u00f3nez<\/strong><\/h3>\n\n\n\n<p>Abogado litigante con especialidad en derecho administrativo y constitucional. Representa una visi\u00f3n m\u00e1s cercana a la pr\u00e1ctica privada y t\u00e9cnica del derecho. Es reconocido por su participaci\u00f3n activa en foros de discusi\u00f3n jur\u00eddica y su enfoque en la defensa t\u00e9cnica de la Constituci\u00f3n, present\u00e1ndose como una alternativa a las estructuras gremiales tradicionales.<\/p>\n\n\n\n<h3 class=\"wp-block-heading\"><strong>Anabella Cardona C\u00e1mbara<\/strong><\/h3>\n\n\n\n<p>Expresidenta de la Asociaci\u00f3n de Jueces y Magistrados de Guatemala, con una carrera destacada en la judicatura penal. Su perfil destaca por la firmeza en la aplicaci\u00f3n de la ley y su experiencia en el manejo de procesos de alto impacto. Su candidatura apela al voto del profesional que busca seguridad jur\u00eddica y experiencia jurisdiccional comprobada.<\/p>\n\n\n\n<hr class=\"wp-block-separator has-alpha-channel-opacity\"\/>\n\n\n\n<h2 class=\"wp-block-heading\">3. Listado de Planillas (Titulares y Suplentes)<\/h2>\n\n\n\n<figure class=\"wp-block-table\"><table class=\"has-fixed-layout\"><thead><tr><td><strong>Candidato a Magistrado Titular<\/strong><\/td><td><strong>Candidato a Magistrado Suplente<\/strong><\/td><td><strong>Planilla \/ Grupo<\/strong><\/td><\/tr><\/thead><tbody><tr><td><strong>N\u00e9ster V\u00e1squez Pimentel<\/strong><\/td><td>Armando Aj\u00edn P\u00e9rez<\/td><td>Alianza Gremial<\/td><\/tr><tr><td><strong>Astrid Lemus Rodr\u00edguez<\/strong><\/td><td>Luis Fernando Bermejo*<\/td><td>Unidad por la Democracia<\/td><\/tr><tr><td><strong>Estuardo G\u00e1lvez Barrios<\/strong><\/td><td>(Por confirmar)<\/td><td>Movimiento Acad\u00e9mico<\/td><\/tr><tr><td><strong>Anabella Cardona<\/strong><\/td><td>(Independiente)<\/td><td>Independiente<\/td><\/tr><\/tbody><\/table><\/figure>\n\n\n\n<p><em>*Nota: En algunos casos, los candidatos a suplente pueden variar seg\u00fan la integraci\u00f3n final de las papeletas.<\/em><\/p>\n\n\n\n<hr class=\"wp-block-separator has-alpha-channel-opacity\"\/>\n\n\n\n<h2 class=\"wp-block-heading\">Conclusi\u00f3n para el Estudiante de Derecho<\/h2>\n\n\n\n<p>La elecci\u00f3n de la CC no es un evento de simpat\u00edas, sino de <strong>rigor t\u00e9cnico<\/strong>. Invitamos a la comunidad estudiantil de <em>EstuDerecho<\/em> a fiscalizar las hojas de vida de estos candidatos. La idoneidad no se presume, se demuestra con una trayectoria \u00e9tica y acad\u00e9mica intachable. El futuro de la interpretaci\u00f3n constitucional de Guatemala est\u00e1 en juego.<\/p>\n\n\n\n<p><\/p>\n","protected":false},"excerpt":{"rendered":"<p>Por: Redacci\u00f3n EstuDerecho Categor\u00eda: Derecho Constitucional \/ Actualidad Gremial La renovaci\u00f3n de la Corte de Constitucionalidad (CC) representa el evento jur\u00eddico m\u00e1s trascendente para el Estado de Derecho en Guatemala. Como estudiantes de derecho, comprender este proceso no solo es un ejercicio acad\u00e9mico, sino una responsabilidad ciudadana. A continuaci\u00f3n, presentamos un an\u00e1lisis integral de la [&hellip;]<\/p>\n","protected":false},"author":1,"featured_media":5350,"comment_status":"closed","ping_status":"open","sticky":false,"template":"","format":"standard","meta":{"footnotes":""},"categories":[3],"tags":[7596,7597,7600,7595,5473,7599,845,1345,2139,5446,30,23,7594],"class_list":["post-5339","post","type-post","status-publish","format-standard","has-post-thumbnail","hentry","category-articulos","tag-anabella-cardona","tag-armando-ajin-perez","tag-art-270","tag-astrid-lemus-rodriguez","tag-cang","tag-cc-2","tag-colegio-de-abogados-y-notarios-de-guatemala","tag-corte-de-constitucionalidad","tag-estado-de-derecho","tag-estuardo-galvez-barrios","tag-estudiantes","tag-guatemala","tag-nester-vasquez-pimentel"],"blocksy_meta":[],"_links":{"self":[{"href":"http:\/\/estuderecho.com\/sitio\/index.php?rest_route=\/wp\/v2\/posts\/5339","targetHints":{"allow":["GET"]}}],"collection":[{"href":"http:\/\/estuderecho.com\/sitio\/index.php?rest_route=\/wp\/v2\/posts"}],"about":[{"href":"http:\/\/estuderecho.com\/sitio\/index.php?rest_route=\/wp\/v2\/types\/post"}],"author":[{"embeddable":true,"href":"http:\/\/estuderecho.com\/sitio\/index.php?rest_route=\/wp\/v2\/users\/1"}],"replies":[{"embeddable":true,"href":"http:\/\/estuderecho.com\/sitio\/index.php?rest_route=%2Fwp%2Fv2%2Fcomments&post=5339"}],"version-history":[{"count":2,"href":"http:\/\/estuderecho.com\/sitio\/index.php?rest_route=\/wp\/v2\/posts\/5339\/revisions"}],"predecessor-version":[{"id":5351,"href":"http:\/\/estuderecho.com\/sitio\/index.php?rest_route=\/wp\/v2\/posts\/5339\/revisions\/5351"}],"wp:featuredmedia":[{"embeddable":true,"href":"http:\/\/estuderecho.com\/sitio\/index.php?rest_route=\/wp\/v2\/media\/5350"}],"wp:attachment":[{"href":"http:\/\/estuderecho.com\/sitio\/index.php?rest_route=%2Fwp%2Fv2%2Fmedia&parent=5339"}],"wp:term":[{"taxonomy":"category","embeddable":true,"href":"http:\/\/estuderecho.com\/sitio\/index.php?rest_route=%2Fwp%2Fv2%2Fcategories&post=5339"},{"taxonomy":"post_tag","embeddable":true,"href":"http:\/\/estuderecho.com\/sitio\/index.php?rest_route=%2Fwp%2Fv2%2Ftags&post=5339"}],"curies":[{"name":"wp","href":"https:\/\/api.w.org\/{rel}","templated":true}]}}