{"id":1858,"date":"2013-05-16T13:00:34","date_gmt":"2013-05-16T19:00:34","guid":{"rendered":"http:\/\/estuderecho.com\/sitio\/?p=1858"},"modified":"2013-05-16T13:02:11","modified_gmt":"2013-05-16T19:02:11","slug":"30-aniversario-direccion-general-de-extension-universitaria","status":"publish","type":"post","link":"https:\/\/estuderecho.com\/sitio\/?p=1858","title":{"rendered":"30 Aniversario Direcci\u00f3n General de Extensi\u00f3n Universitaria"},"content":{"rendered":"<div>\n<div>Enviamos nuestras felicitaciones a la Direcci\u00f3n General de Extensi\u00f3n Universitaria y a todo su equipo de trabajo en su 30 Aniversario! Gracias por el buen trabajo que desempe\u00f1an!<\/div>\n<div><\/div>\n<div><\/div>\n<div><span style=\"font-size: medium;\">D<\/span><span style=\"font-size: large; line-height: 19px;\">irecci\u00f3n General de Extensi\u00f3n Universitaria<\/span><\/div>\n<\/div>\n<div><span style=\"font-size: medium;\">Marimba de Concierto <\/span><\/div>\n<div><span style=\"font-size: medium;\">Universidad de San Carlos de Guatemala<\/span><\/div>\n<div><span style=\"font-size: medium;\"><br \/>\n<\/span><\/p>\n<div><span style=\"font-size: medium;\">Invita<\/span><\/div>\n<p><span style=\"font-size: medium;\"><br \/>\n<\/span><\/p>\n<\/div>\n<div><span style=\"font-size: medium;\">Concierto de Gala<br \/>\n<\/span><\/div>\n<div><span style=\"font-size: medium;\"><br \/>\n<\/span><\/div>\n<div><span style=\"font-size: medium;\">30 Aniversario<\/span><\/div>\n<div><span style=\"font-size: medium;\"><br \/>\n<\/span><\/div>\n<div><span style=\"font-size: medium;\">17 Mayo de 2013 <\/span><\/div>\n<div><span style=\"font-size: medium;\">18:00 horas<br \/>\n<\/span><\/div>\n<div><span style=\"font-size: medium;\"><br \/>\nEntrada y parqueo gratuito<br \/>\n<\/span><\/div>\n<div><span style=\"font-size: medium;\"><br \/>\n<\/span><\/div>\n<div>\n<div><span style=\"font-size: medium;\">Centro Cultural Universitario <\/span><\/div>\n<div><span style=\"font-size: medium;\">Paraninfo Universitario<\/span><\/div>\n<div><span style=\"font-size: medium;\">2\u00aa. Avenida, 12-40 Zona 1<\/span><\/div>\n<\/div>\n<p><img decoding=\"async\" src=\"https:\/\/lh5.googleusercontent.com\/-ySpj6PR0nHI\/UZUr4WfmBHI\/AAAAAAAAAQk\/A7A_mh9oUYs\/w506-h774-o\/2013-05-16\" alt=\"\" \/><\/p>\n","protected":false},"excerpt":{"rendered":"<p>Enviamos nuestras felicitaciones a la Direcci\u00f3n General de Extensi\u00f3n Universitaria y a todo su equipo de trabajo en su 30 Aniversario! Gracias por el buen trabajo que desempe\u00f1an! Direcci\u00f3n General de Extensi\u00f3n Universitaria Marimba de Concierto Universidad de San Carlos de Guatemala Invita Concierto de Gala 30 Aniversario 17 Mayo de 2013 18:00 horas Entrada [&hellip;]<\/p>\n","protected":false},"author":1,"featured_media":0,"comment_status":"open","ping_status":"open","sticky":false,"template":"","format":"standard","meta":{"footnotes":""},"categories":[3,525,9],"tags":[2044,812,642,2049,2046,2047,2043,2048,2045,2050,103,240],"class_list":["post-1858","post","type-post","status-publish","format-standard","hentry","category-articulos","category-eventos-2","category-utilidades-2","tag-30-aniversario","tag-estuderecho","tag-aniversario","tag-centro-cultural-universitario","tag-concierto","tag-concierto-de-gala","tag-extension-universitaria","tag-lic-jacobo-lemus-bran","tag-marimba","tag-paraninfo-universitario","tag-usac","tag-yuri-franco"],"blocksy_meta":[],"_links":{"self":[{"href":"https:\/\/estuderecho.com\/sitio\/index.php?rest_route=\/wp\/v2\/posts\/1858","targetHints":{"allow":["GET"]}}],"collection":[{"href":"https:\/\/estuderecho.com\/sitio\/index.php?rest_route=\/wp\/v2\/posts"}],"about":[{"href":"https:\/\/estuderecho.com\/sitio\/index.php?rest_route=\/wp\/v2\/types\/post"}],"author":[{"embeddable":true,"href":"https:\/\/estuderecho.com\/sitio\/index.php?rest_route=\/wp\/v2\/users\/1"}],"replies":[{"embeddable":true,"href":"https:\/\/estuderecho.com\/sitio\/index.php?rest_route=%2Fwp%2Fv2%2Fcomments&post=1858"}],"version-history":[{"count":5,"href":"https:\/\/estuderecho.com\/sitio\/index.php?rest_route=\/wp\/v2\/posts\/1858\/revisions"}],"predecessor-version":[{"id":1864,"href":"https:\/\/estuderecho.com\/sitio\/index.php?rest_route=\/wp\/v2\/posts\/1858\/revisions\/1864"}],"wp:attachment":[{"href":"https:\/\/estuderecho.com\/sitio\/index.php?rest_route=%2Fwp%2Fv2%2Fmedia&parent=1858"}],"wp:term":[{"taxonomy":"category","embeddable":true,"href":"https:\/\/estuderecho.com\/sitio\/index.php?rest_route=%2Fwp%2Fv2%2Fcategories&post=1858"},{"taxonomy":"post_tag","embeddable":true,"href":"https:\/\/estuderecho.com\/sitio\/index.php?rest_route=%2Fwp%2Fv2%2Ftags&post=1858"}],"curies":[{"name":"wp","href":"https:\/\/api.w.org\/{rel}","templated":true}]}}