{"id":2686,"date":"2013-10-09T09:20:24","date_gmt":"2013-10-09T15:20:24","guid":{"rendered":"http:\/\/estuderecho.com\/sitio\/?p=2686"},"modified":"2013-10-09T09:20:24","modified_gmt":"2013-10-09T15:20:24","slug":"guatemala-y-belice-negocian-fecha-del-referendo-sobre-disputa-territorial","status":"publish","type":"post","link":"https:\/\/estuderecho.com\/sitio\/?p=2686","title":{"rendered":"Guatemala y Belice negocian fecha del referendo sobre disputa territorial"},"content":{"rendered":"<p><strong>Las autoridades electorales de Guatemala y Belice iniciaron acercamientos este lunes para poner fecha a la consulta popular que decidir\u00e1 si se eleva o no a la Corte Internacional de Justicia un viejo diferendo territorial.<br \/>\n<\/strong><br \/>\n\u201cLa reuni\u00f3n tuvo lugar en el marco de las nuevas medidas de fomento de la confianza que ambos pa\u00edses adoptaron en mayo pasado, con el fin de mejorar las condiciones necesarias para establecer una nueva fecha para celebrar los referendos simult\u00e1neos\u201d, inform\u00f3 la Organizaci\u00f3n de Estados Americano (OEA) en un comunicado.<\/p>\n<p>Las consultas servir\u00edan para saber si \u201cla disputa territorial entre ambos pa\u00edses se somete a la Corte Internacional de Justicia para su resoluci\u00f3n final\u201d, agreg\u00f3 la OEA, que auspici\u00f3 el encuentro.<\/p>\n<p>A la reuni\u00f3n, celebrada en San Ignacio, Belice, asistieron la presidenta del Tribunal Supremo Electoral de Guatemala, Mar\u00eda Eugenia Villagr\u00e1n y, su hom\u00f3logo de Belice, Bernard Pitts.<\/p>\n<p>Los dos pa\u00edses hab\u00edan se\u00f1alado el 6 de octubre como fecha del referendo, pero fue suspendido debido a que Guatemala aleg\u00f3 que Belice hizo reformas al plan de consulta y estableci\u00f3 una participaci\u00f3n m\u00ednima del 60 por ciento del padr\u00f3n electoral para que sus resultados tuvieran validez.<\/p>\n<p>En la cita tambi\u00e9n participaron el director del ministerio de Relaciones Exteriores de Belice, Alexis Rosado, y el viceministro guatemalteco de Relaciones Exteriores, Carlos Ra\u00fal Morales, as\u00ed como el representante del secretario general de la OEA, Ra\u00fal Lago, encargado de asuntos Belice-Guatemala.<\/p>\n<p>El diferendo territorial lleva m\u00e1s de 150 a\u00f1os. Aunque Guatemala reconoci\u00f3 la independencia de Belice en 1991, le sigue reclamando a su vecino 12.272 kil\u00f3metros cuadrados, la mitad del territorio de la excolonia brit\u00e1nica, lo que incluye varias islas y cayos.<\/p>\n<p><strong><a name=\"1051\"><\/a>10:51 a.m.<br \/>\nFuente:\u00a0<a href=\"http:\/\/www.americaeconomia.com\/\" target=\"_blank\">Am\u00e9rica Econom\u00eda<\/a><br \/>\n<\/strong><\/p>\n","protected":false},"excerpt":{"rendered":"<p>Las autoridades electorales de Guatemala y Belice iniciaron acercamientos este lunes para poner fecha a la consulta popular que decidir\u00e1 si se eleva o no a la Corte Internacional de Justicia un viejo diferendo territorial. \u201cLa reuni\u00f3n tuvo lugar en el marco de las nuevas medidas de fomento de la confianza que ambos pa\u00edses adoptaron [&hellip;]<\/p>\n","protected":false},"author":1,"featured_media":0,"comment_status":"open","ping_status":"open","sticky":false,"template":"","format":"standard","meta":{"footnotes":""},"categories":[323,3,8,1233],"tags":[3598,3595,3596,23,3597],"class_list":["post-2686","post","type-post","status-publish","format-standard","hentry","category-apuntes","category-articulos","category-noticias-2","category-reflexiones","tag-belice","tag-consulta-popular","tag-diferendo-territorial","tag-guatemala","tag-organizacion-de-estados-americanos"],"blocksy_meta":[],"_links":{"self":[{"href":"https:\/\/estuderecho.com\/sitio\/index.php?rest_route=\/wp\/v2\/posts\/2686","targetHints":{"allow":["GET"]}}],"collection":[{"href":"https:\/\/estuderecho.com\/sitio\/index.php?rest_route=\/wp\/v2\/posts"}],"about":[{"href":"https:\/\/estuderecho.com\/sitio\/index.php?rest_route=\/wp\/v2\/types\/post"}],"author":[{"embeddable":true,"href":"https:\/\/estuderecho.com\/sitio\/index.php?rest_route=\/wp\/v2\/users\/1"}],"replies":[{"embeddable":true,"href":"https:\/\/estuderecho.com\/sitio\/index.php?rest_route=%2Fwp%2Fv2%2Fcomments&post=2686"}],"version-history":[{"count":1,"href":"https:\/\/estuderecho.com\/sitio\/index.php?rest_route=\/wp\/v2\/posts\/2686\/revisions"}],"predecessor-version":[{"id":2687,"href":"https:\/\/estuderecho.com\/sitio\/index.php?rest_route=\/wp\/v2\/posts\/2686\/revisions\/2687"}],"wp:attachment":[{"href":"https:\/\/estuderecho.com\/sitio\/index.php?rest_route=%2Fwp%2Fv2%2Fmedia&parent=2686"}],"wp:term":[{"taxonomy":"category","embeddable":true,"href":"https:\/\/estuderecho.com\/sitio\/index.php?rest_route=%2Fwp%2Fv2%2Fcategories&post=2686"},{"taxonomy":"post_tag","embeddable":true,"href":"https:\/\/estuderecho.com\/sitio\/index.php?rest_route=%2Fwp%2Fv2%2Ftags&post=2686"}],"curies":[{"name":"wp","href":"https:\/\/api.w.org\/{rel}","templated":true}]}}