{"id":2858,"date":"2013-11-08T08:06:26","date_gmt":"2013-11-08T14:06:26","guid":{"rendered":"http:\/\/estuderecho.com\/sitio\/?p=2858"},"modified":"2013-11-08T08:06:43","modified_gmt":"2013-11-08T14:06:43","slug":"congreso-iberoamericano-de-derecho-del-trabajo","status":"publish","type":"post","link":"https:\/\/estuderecho.com\/sitio\/?p=2858","title":{"rendered":"Congreso Iberoamericano de Derecho del Trabajo"},"content":{"rendered":"<h1>Congreso Iberoam\u00e9ri<wbr \/>cano de Derecho del Trabajo<\/h1>\n<p>Congreso Iberoamericano y europeo que re\u00fane, no s\u00f3lo a Presidentes, Directores Ejecutivos y miembros de las Juntas Directivas de las asociaciones de cada pa\u00eds, sino que a Magistrados y Jueces del Derecho del Trabajo de Guatemala, altas autoridades del Ministerio de Trabajo y Previsi\u00f3n Social de Guatemala, Lideres de opini\u00f3n, empresarios y conferencistas guatemaltecos y extranjeros de reconocida trayectoria.<\/p>\n<p>El tema central ser\u00e1 \u201cEl Trabajo en un Mundo en Recesi\u00f3n\u201d, con subtemas de mucha importancia para el sector empleador en Guatemala, entre otros: \u00bfQu\u00e9 es el outsourcing? Ventajas y desventajas de la subcontrataci\u00f3n; La subcontrataci\u00f3n y el ambiente jur\u00eddico-legal. La responsabilidad contractual en la subcontrataci\u00f3n; Los principios del Convenio 175 (Trabajo a tiempo parcial y por hora) y su adaptaci\u00f3n a la realidad nacional.<\/p>\n<p><img decoding=\"async\" alt=\"\" src=\"http:\/\/test.colegioabogadosynotarios.org\/uploads\/1383853260.jpg\" \/><\/p>\n<p>www.asociacioncabanellasguatemala.org<\/p>\n","protected":false},"excerpt":{"rendered":"<p>Congreso Iberoam\u00e9ricano de Derecho del Trabajo Congreso Iberoamericano y europeo que re\u00fane, no s\u00f3lo a Presidentes, Directores Ejecutivos y miembros de las Juntas Directivas de las asociaciones de cada pa\u00eds, sino que a Magistrados y Jueces del Derecho del Trabajo de Guatemala, altas autoridades del Ministerio de Trabajo y Previsi\u00f3n Social de Guatemala, Lideres de [&hellip;]<\/p>\n","protected":false},"author":1,"featured_media":0,"comment_status":"open","ping_status":"open","sticky":false,"template":"","format":"standard","meta":{"footnotes":""},"categories":[3,870,525,8,6,9],"tags":[4122,4118,4117,302,4120,4125,4124,4121,4128,4123,4129,4119,4130,4127,4126],"class_list":["post-2858","post","type-post","status-publish","format-standard","hentry","category-articulos","category-cang","category-eventos-2","category-noticias-2","category-para-estudiantes","category-utilidades-2","tag-altas-autoridades-del-ministerio-de-trabajo-y-prevision-social-de-guatemala","tag-congreso-iberoamericano","tag-congreso-iberoamericano-de-derecho-del-trabajo","tag-derecho-del-trabajo","tag-directores-ejecutivos","tag-el-trabajo-en-un-mundo-en-recesion","tag-empresarios","tag-jueces-del-derecho-del-trabajo-de-guatemala","tag-la-subcontratacion-y-el-ambiente-juridico-legal","tag-lideres-de-opinion","tag-los-principios-del-convenio-175","tag-presidentes","tag-trabajo-a-tiempo-parcial-y-por-hora","tag-ventajas-y-desventajas-de-la-subcontratacion","tag-que-es-el-outsourcing"],"blocksy_meta":[],"_links":{"self":[{"href":"https:\/\/estuderecho.com\/sitio\/index.php?rest_route=\/wp\/v2\/posts\/2858","targetHints":{"allow":["GET"]}}],"collection":[{"href":"https:\/\/estuderecho.com\/sitio\/index.php?rest_route=\/wp\/v2\/posts"}],"about":[{"href":"https:\/\/estuderecho.com\/sitio\/index.php?rest_route=\/wp\/v2\/types\/post"}],"author":[{"embeddable":true,"href":"https:\/\/estuderecho.com\/sitio\/index.php?rest_route=\/wp\/v2\/users\/1"}],"replies":[{"embeddable":true,"href":"https:\/\/estuderecho.com\/sitio\/index.php?rest_route=%2Fwp%2Fv2%2Fcomments&post=2858"}],"version-history":[{"count":2,"href":"https:\/\/estuderecho.com\/sitio\/index.php?rest_route=\/wp\/v2\/posts\/2858\/revisions"}],"predecessor-version":[{"id":2860,"href":"https:\/\/estuderecho.com\/sitio\/index.php?rest_route=\/wp\/v2\/posts\/2858\/revisions\/2860"}],"wp:attachment":[{"href":"https:\/\/estuderecho.com\/sitio\/index.php?rest_route=%2Fwp%2Fv2%2Fmedia&parent=2858"}],"wp:term":[{"taxonomy":"category","embeddable":true,"href":"https:\/\/estuderecho.com\/sitio\/index.php?rest_route=%2Fwp%2Fv2%2Fcategories&post=2858"},{"taxonomy":"post_tag","embeddable":true,"href":"https:\/\/estuderecho.com\/sitio\/index.php?rest_route=%2Fwp%2Fv2%2Ftags&post=2858"}],"curies":[{"name":"wp","href":"https:\/\/api.w.org\/{rel}","templated":true}]}}