{"id":2973,"date":"2013-12-12T09:00:27","date_gmt":"2013-12-12T15:00:27","guid":{"rendered":"http:\/\/estuderecho.com\/sitio\/?p=2973"},"modified":"2013-12-12T09:03:32","modified_gmt":"2013-12-12T15:03:32","slug":"ladinos-por-decreto","status":"publish","type":"post","link":"https:\/\/estuderecho.com\/sitio\/?p=2973","title":{"rendered":"Ladinos por Decreto"},"content":{"rendered":"<p>Me interes\u00f3 este post le\u00eddo en\u00a0<a href=\"http:\/\/leygt.blogspot.com\/2013\/11\/ladinos-por-decreto.html?m=0\">http:\/\/leygt.blogspot.com\/2013\/11\/ladinos-por-decreto.html?m=0<\/a>\u00a0sobre los ladinos, \u00a0un poco de la historia de mi querido San Marcos, a trav\u00e9s de un\u00a0<b>DECRETO LEGISLATIVO NUMERO 165<\/b><b>13 DE OCTUBRE DE 1876.\u00a0<\/b><\/p>\n<p>&nbsp;<\/p>\n<div align=\"center\"><b>DECRETO LEGISLATIVO NUMERO 165<\/b><\/div>\n<div align=\"center\"><b>13 DE OCTUBRE DE 1876<\/b><\/div>\n<div align=\"center\"><\/div>\n<div>\u201cJusto Rufino Barrios General de Divisi\u00f3n y Presidente de la Rep\u00fablica de Guatemala,<\/div>\n<div><\/div>\n<div align=\"center\"><b>CONSIDERANDO:<\/b><\/div>\n<div>Que es conveniente poner en pr\u00e1ctica medidas que tiendan a mejorar la condici\u00f3n de la Clase Ind\u00edgena.<\/div>\n<div><\/div>\n<div>Que varios abor\u00edgenes principales de San Pedro Sacatep\u00e9quez (departamento de San Marcos) han manifestado deseo de que se prevenga que aquella parcialidad use el traje como el acostumbrado por los ladinos;<\/div>\n<div><\/div>\n<div align=\"center\"><b>DECRETA<\/b><\/div>\n<div>Art\u00edculo \u00fanico:\u00a0Para los efectos legales, se declaran ladinos a los ind\u00edgenas de ambos sexos,\u00a0 del mencionado pueblo, quienes usar\u00e1n desde el a\u00f1o pr\u00f3ximo entrante el traje que corresponde a la Clase Ladina.<\/div>\n<div><\/div>\n<div>Dado en Guatemala en el Palacio Nacional\u00a0 el 13 de octubre de 1876?.<\/div>\n","protected":false},"excerpt":{"rendered":"<p>Me interes\u00f3 este post le\u00eddo en\u00a0http:\/\/leygt.blogspot.com\/2013\/11\/ladinos-por-decreto.html?m=0\u00a0sobre los ladinos, \u00a0un poco de la historia de mi querido San Marcos, a trav\u00e9s de un\u00a0DECRETO LEGISLATIVO NUMERO 16513 DE OCTUBRE DE 1876.\u00a0 &nbsp; DECRETO LEGISLATIVO NUMERO 165 13 DE OCTUBRE DE 1876 \u201cJusto Rufino Barrios General de Divisi\u00f3n y Presidente de la Rep\u00fablica de Guatemala, CONSIDERANDO: Que es [&hellip;]<\/p>\n","protected":false},"author":1,"featured_media":0,"comment_status":"open","ping_status":"open","sticky":false,"template":"","format":"standard","meta":{"footnotes":""},"categories":[323,3,4,4534,20,309,8,6,1233,9],"tags":[4539,4535,23,4537,4536,4538,803,1920],"class_list":["post-2973","post","type-post","status-publish","format-standard","hentry","category-apuntes","category-articulos","category-documentos-de-apoyo","category-historia-de-guatemala-documentos-de-apoyo","category-leyes","category-leyes-de-guatemala","category-noticias-2","category-para-estudiantes","category-reflexiones","category-utilidades-2","tag-clase-indigena","tag-decreto-legislativo-numero-16513","tag-guatemala","tag-justo-rufino-barrios","tag-octubre-de-1876","tag-presidente-de-la-republica-de-guatemala","tag-san-marcos","tag-san-pedro-sacatepequez"],"blocksy_meta":[],"_links":{"self":[{"href":"https:\/\/estuderecho.com\/sitio\/index.php?rest_route=\/wp\/v2\/posts\/2973","targetHints":{"allow":["GET"]}}],"collection":[{"href":"https:\/\/estuderecho.com\/sitio\/index.php?rest_route=\/wp\/v2\/posts"}],"about":[{"href":"https:\/\/estuderecho.com\/sitio\/index.php?rest_route=\/wp\/v2\/types\/post"}],"author":[{"embeddable":true,"href":"https:\/\/estuderecho.com\/sitio\/index.php?rest_route=\/wp\/v2\/users\/1"}],"replies":[{"embeddable":true,"href":"https:\/\/estuderecho.com\/sitio\/index.php?rest_route=%2Fwp%2Fv2%2Fcomments&post=2973"}],"version-history":[{"count":3,"href":"https:\/\/estuderecho.com\/sitio\/index.php?rest_route=\/wp\/v2\/posts\/2973\/revisions"}],"predecessor-version":[{"id":2976,"href":"https:\/\/estuderecho.com\/sitio\/index.php?rest_route=\/wp\/v2\/posts\/2973\/revisions\/2976"}],"wp:attachment":[{"href":"https:\/\/estuderecho.com\/sitio\/index.php?rest_route=%2Fwp%2Fv2%2Fmedia&parent=2973"}],"wp:term":[{"taxonomy":"category","embeddable":true,"href":"https:\/\/estuderecho.com\/sitio\/index.php?rest_route=%2Fwp%2Fv2%2Fcategories&post=2973"},{"taxonomy":"post_tag","embeddable":true,"href":"https:\/\/estuderecho.com\/sitio\/index.php?rest_route=%2Fwp%2Fv2%2Ftags&post=2973"}],"curies":[{"name":"wp","href":"https:\/\/api.w.org\/{rel}","templated":true}]}}