{"id":3052,"date":"2014-01-27T10:06:59","date_gmt":"2014-01-27T16:06:59","guid":{"rendered":"http:\/\/estuderecho.com\/sitio\/?p=3052"},"modified":"2014-01-27T10:06:59","modified_gmt":"2014-01-27T16:06:59","slug":"primeras-fechas-de-graduacion-derecho-2014","status":"publish","type":"post","link":"https:\/\/estuderecho.com\/sitio\/?p=3052","title":{"rendered":"Primeras fechas de graduaci\u00f3n, Derecho 2014"},"content":{"rendered":"<p>La Unidad de Ex\u00e1menes P\u00fablicos de Tesis de la Facultad de Ciencias Jur\u00eddicas y Sociales de la USAC informa a todos los estudiantes interesados en obtener fechas para su Acto de Graduaci\u00f3n, que\u00a0<strong>el d\u00eda Jueves 30 de Enero\u00a0<\/strong><strong>,\u00a0<\/strong>\u00a0deben presentarse:<\/p>\n<ul>\n<li>A partir de las 14:00 horas, en la Oficina 230 (Unidad de Ex\u00e1menes P\u00fablicos) del Edificio S-7:\u00a0<strong>Donde deber\u00e1n presentar su TESIS AUTORIZADA<\/strong>, la cual ser\u00e1 revisada para tomarlos en cuenta para las fechas que se habilitar\u00e1n.<\/li>\n<\/ul>\n<ul>\n<li>Y a las 17:00 horas, en la Sala de Juicios del Edificio S-7:\u00a0Quienes previamente presentaron su Tesis autorizada,\u00a0<strong>se les estar\u00e1 asignando fecha de Graduaci\u00f3n<\/strong>.<\/li>\n<\/ul>\n","protected":false},"excerpt":{"rendered":"<p>La Unidad de Ex\u00e1menes P\u00fablicos de Tesis de la Facultad de Ciencias Jur\u00eddicas y Sociales de la USAC informa a todos los estudiantes interesados en obtener fechas para su Acto de Graduaci\u00f3n, que\u00a0el d\u00eda Jueves 30 de Enero\u00a0,\u00a0\u00a0deben presentarse: A partir de las 14:00 horas, en la Oficina 230 (Unidad de Ex\u00e1menes P\u00fablicos) del Edificio [&hellip;]<\/p>\n","protected":false},"author":1,"featured_media":0,"comment_status":"open","ping_status":"open","sticky":false,"template":"","format":"standard","meta":{"footnotes":""},"categories":[3,525,8,6,4441,9],"tags":[29,602,4689,2502,4688,23,4692,4690,4691,2984,2983,103],"class_list":["post-3052","post","type-post","status-publish","format-standard","hentry","category-articulos","category-eventos-2","category-noticias-2","category-para-estudiantes","category-usac-2","category-utilidades-2","tag-derecho","tag-facultad-de-ciencias-juridicas-y-sociales","tag-fechas","tag-fechas-de-graduacion","tag-graduacion","tag-guatemala","tag-jueves-30-de-enero","tag-s-7","tag-sala-de-juicios","tag-unidad-de-examenes-publicos-de-tesis","tag-unidad-de-examenes-publicos-de-tesis-de-la-facultad-de-ciencias-juridicas-y-sociales","tag-usac"],"blocksy_meta":[],"_links":{"self":[{"href":"https:\/\/estuderecho.com\/sitio\/index.php?rest_route=\/wp\/v2\/posts\/3052","targetHints":{"allow":["GET"]}}],"collection":[{"href":"https:\/\/estuderecho.com\/sitio\/index.php?rest_route=\/wp\/v2\/posts"}],"about":[{"href":"https:\/\/estuderecho.com\/sitio\/index.php?rest_route=\/wp\/v2\/types\/post"}],"author":[{"embeddable":true,"href":"https:\/\/estuderecho.com\/sitio\/index.php?rest_route=\/wp\/v2\/users\/1"}],"replies":[{"embeddable":true,"href":"https:\/\/estuderecho.com\/sitio\/index.php?rest_route=%2Fwp%2Fv2%2Fcomments&post=3052"}],"version-history":[{"count":1,"href":"https:\/\/estuderecho.com\/sitio\/index.php?rest_route=\/wp\/v2\/posts\/3052\/revisions"}],"predecessor-version":[{"id":3053,"href":"https:\/\/estuderecho.com\/sitio\/index.php?rest_route=\/wp\/v2\/posts\/3052\/revisions\/3053"}],"wp:attachment":[{"href":"https:\/\/estuderecho.com\/sitio\/index.php?rest_route=%2Fwp%2Fv2%2Fmedia&parent=3052"}],"wp:term":[{"taxonomy":"category","embeddable":true,"href":"https:\/\/estuderecho.com\/sitio\/index.php?rest_route=%2Fwp%2Fv2%2Fcategories&post=3052"},{"taxonomy":"post_tag","embeddable":true,"href":"https:\/\/estuderecho.com\/sitio\/index.php?rest_route=%2Fwp%2Fv2%2Ftags&post=3052"}],"curies":[{"name":"wp","href":"https:\/\/api.w.org\/{rel}","templated":true}]}}