{"id":343,"date":"2011-02-01T08:22:25","date_gmt":"2011-02-01T14:22:25","guid":{"rendered":"http:\/\/estuderecho.com\/sitio\/?p=343"},"modified":"2011-02-01T08:23:30","modified_gmt":"2011-02-01T14:23:30","slug":"foro-publico-analisis-sobre-la-aplicacion-de-la-ley-contra-el-femicidio-y-otras-formas-de-violencia-contra-la-mujer","status":"publish","type":"post","link":"https:\/\/estuderecho.com\/sitio\/?p=343","title":{"rendered":"Foro P\u00fablico &#8220;An\u00e1lisis sobre la aplicaci\u00f3n de la Ley contra el femicidio y otras formas de Violencia contra la Mujer&#8221;"},"content":{"rendered":"<p>Foro P\u00fablico &#8220;An\u00e1lisis sobre la aplicaci\u00f3n de la Ley contra el femicidio y otras formas de Violencia contra la Mujer&#8221;<\/p>\n<p>Fecha: S\u00e1bado 12 de febrero de 2011<\/p>\n<p>Lugar: Auditorium Francisco Vela, Facultad de Ingenier\u00eda, Universidad de San Carlos de Guatemala<\/p>\n<p>Hora: 09:00hrs<\/p>\n<p>Adem\u00e1s&#8230; Presentaci\u00f3n de Propuestas para erradicar la violencia en Guatemala!<\/p>\n<p><a href=\"http:\/\/estuderecho.com\/sitio\/wp-content\/uploads\/2011\/02\/foro-y-propuestas-violencia-contra-la-mujer1.jpg\"><img loading=\"lazy\" decoding=\"async\" class=\"alignleft size-full wp-image-344\" title=\"foro y propuestas violencia contra la mujer1\" src=\"http:\/\/estuderecho.com\/sitio\/wp-content\/uploads\/2011\/02\/foro-y-propuestas-violencia-contra-la-mujer1.jpg\" alt=\"\" width=\"340\" height=\"793\" srcset=\"https:\/\/estuderecho.com\/sitio\/wp-content\/uploads\/2011\/02\/foro-y-propuestas-violencia-contra-la-mujer1.jpg 340w, https:\/\/estuderecho.com\/sitio\/wp-content\/uploads\/2011\/02\/foro-y-propuestas-violencia-contra-la-mujer1-128x300.jpg 128w\" sizes=\"auto, (max-width: 340px) 100vw, 340px\" \/><\/a><\/p>\n","protected":false},"excerpt":{"rendered":"<p>Foro P\u00fablico &#8220;An\u00e1lisis sobre la aplicaci\u00f3n de la Ley contra el femicidio y otras formas de Violencia contra la Mujer&#8221; Fecha: S\u00e1bado 12 de febrero de 2011 Lugar: Auditorium Francisco Vela, Facultad de Ingenier\u00eda, Universidad de San Carlos de Guatemala Hora: 09:00hrs Adem\u00e1s&#8230; Presentaci\u00f3n de Propuestas para erradicar la violencia en Guatemala!<\/p>\n","protected":false},"author":1,"featured_media":0,"comment_status":"closed","ping_status":"closed","sticky":false,"template":"","format":"standard","meta":{"footnotes":""},"categories":[8],"tags":[],"class_list":["post-343","post","type-post","status-publish","format-standard","hentry","category-noticias-2"],"blocksy_meta":[],"_links":{"self":[{"href":"https:\/\/estuderecho.com\/sitio\/index.php?rest_route=\/wp\/v2\/posts\/343","targetHints":{"allow":["GET"]}}],"collection":[{"href":"https:\/\/estuderecho.com\/sitio\/index.php?rest_route=\/wp\/v2\/posts"}],"about":[{"href":"https:\/\/estuderecho.com\/sitio\/index.php?rest_route=\/wp\/v2\/types\/post"}],"author":[{"embeddable":true,"href":"https:\/\/estuderecho.com\/sitio\/index.php?rest_route=\/wp\/v2\/users\/1"}],"replies":[{"embeddable":true,"href":"https:\/\/estuderecho.com\/sitio\/index.php?rest_route=%2Fwp%2Fv2%2Fcomments&post=343"}],"version-history":[{"count":4,"href":"https:\/\/estuderecho.com\/sitio\/index.php?rest_route=\/wp\/v2\/posts\/343\/revisions"}],"predecessor-version":[{"id":347,"href":"https:\/\/estuderecho.com\/sitio\/index.php?rest_route=\/wp\/v2\/posts\/343\/revisions\/347"}],"wp:attachment":[{"href":"https:\/\/estuderecho.com\/sitio\/index.php?rest_route=%2Fwp%2Fv2%2Fmedia&parent=343"}],"wp:term":[{"taxonomy":"category","embeddable":true,"href":"https:\/\/estuderecho.com\/sitio\/index.php?rest_route=%2Fwp%2Fv2%2Fcategories&post=343"},{"taxonomy":"post_tag","embeddable":true,"href":"https:\/\/estuderecho.com\/sitio\/index.php?rest_route=%2Fwp%2Fv2%2Ftags&post=343"}],"curies":[{"name":"wp","href":"https:\/\/api.w.org\/{rel}","templated":true}]}}