{"id":3439,"date":"2015-05-14T10:51:05","date_gmt":"2015-05-14T16:51:05","guid":{"rendered":"http:\/\/estuderecho.com\/sitio\/?p=3439"},"modified":"2015-05-14T10:51:05","modified_gmt":"2015-05-14T16:51:05","slug":"constitucionalmente-puede-el-magistrado-maldonado-integrar-la-terna-para-vicepresidente","status":"publish","type":"post","link":"https:\/\/estuderecho.com\/sitio\/?p=3439","title":{"rendered":"Constitucionalmente puede el Magistrado Maldonado integrar la terna para Vicepresidente?"},"content":{"rendered":"<p>Buenos d\u00edas amigos estudiosos del derecho, ha trascendido la noticia que el Magistrado de la Corte de Constitucionalidad Alejandro Maldonado Aguirre, ser\u00e1 propuesto para integrar la terna para Vicepresidente, sin embargo la ley establece criterios contenidos en la Ley de Amparo, Exhibici\u00f3n Personal y de Constitucionalidad, que hacen dudar sobre la validez o impedimento, por lo que les comparto estos art\u00edculos a efecto de analizar<\/p>\n<p>ARTICULO 1. OBJETO DE LA LEY. La presente ley tiene por objeto desarrollar las garant\u00edas y defensas del orden constitucional y de los derechos inherentes a la persona protegidos por la constituci\u00f3n Pol\u00edtica de la Rep\u00fablica de Guatemala, las leyes y los convenios internacionales ratificados por Guatemala.<\/p>\n<p>2. INTERPRETACION EXTENSIVA DE LA LEY. Las disposiciones de esta ley se interpretar\u00e1n siempre en forma extensiva, a manera de procurar la adecuada protecci\u00f3n de los derechos humanos y el funcionamiento eficaz de las garant\u00edas y defensas del orden constitucional.<\/p>\n<p>ARTICULO 169. CAUSAS DE INCOMPATIBILIDAD. La condici\u00f3n de miembro titular de la Corte de Constitucionalidad es incompatible con cargos de direcci\u00f3n pol\u00edtica, de administraci\u00f3n del Estado o de sindicatos y, con el ejercicio profesional.<\/p>\n","protected":false},"excerpt":{"rendered":"<p>Buenos d\u00edas amigos estudiosos del derecho, ha trascendido la noticia que el Magistrado de la Corte de Constitucionalidad Alejandro Maldonado Aguirre, ser\u00e1 propuesto para integrar la terna para Vicepresidente, sin embargo la ley establece criterios contenidos en la Ley de Amparo, Exhibici\u00f3n Personal y de Constitucionalidad, que hacen dudar sobre la validez o impedimento, por [&hellip;]<\/p>\n","protected":false},"author":1,"featured_media":0,"comment_status":"open","ping_status":"open","sticky":false,"template":"","format":"standard","meta":{"footnotes":""},"categories":[1],"tags":[5277,1345,23,5278],"class_list":["post-3439","post","type-post","status-publish","format-standard","hentry","category-uncategorized","tag-alejandro-maldonado","tag-corte-de-constitucionalidad","tag-guatemala","tag-vicepresidente"],"blocksy_meta":[],"_links":{"self":[{"href":"https:\/\/estuderecho.com\/sitio\/index.php?rest_route=\/wp\/v2\/posts\/3439","targetHints":{"allow":["GET"]}}],"collection":[{"href":"https:\/\/estuderecho.com\/sitio\/index.php?rest_route=\/wp\/v2\/posts"}],"about":[{"href":"https:\/\/estuderecho.com\/sitio\/index.php?rest_route=\/wp\/v2\/types\/post"}],"author":[{"embeddable":true,"href":"https:\/\/estuderecho.com\/sitio\/index.php?rest_route=\/wp\/v2\/users\/1"}],"replies":[{"embeddable":true,"href":"https:\/\/estuderecho.com\/sitio\/index.php?rest_route=%2Fwp%2Fv2%2Fcomments&post=3439"}],"version-history":[{"count":1,"href":"https:\/\/estuderecho.com\/sitio\/index.php?rest_route=\/wp\/v2\/posts\/3439\/revisions"}],"predecessor-version":[{"id":3440,"href":"https:\/\/estuderecho.com\/sitio\/index.php?rest_route=\/wp\/v2\/posts\/3439\/revisions\/3440"}],"wp:attachment":[{"href":"https:\/\/estuderecho.com\/sitio\/index.php?rest_route=%2Fwp%2Fv2%2Fmedia&parent=3439"}],"wp:term":[{"taxonomy":"category","embeddable":true,"href":"https:\/\/estuderecho.com\/sitio\/index.php?rest_route=%2Fwp%2Fv2%2Fcategories&post=3439"},{"taxonomy":"post_tag","embeddable":true,"href":"https:\/\/estuderecho.com\/sitio\/index.php?rest_route=%2Fwp%2Fv2%2Ftags&post=3439"}],"curies":[{"name":"wp","href":"https:\/\/api.w.org\/{rel}","templated":true}]}}