{"id":3482,"date":"2015-09-23T11:27:16","date_gmt":"2015-09-23T17:27:16","guid":{"rendered":"http:\/\/estuderecho.com\/sitio\/?p=3482"},"modified":"2015-09-23T15:47:10","modified_gmt":"2015-09-23T21:47:10","slug":"feliz-dia-del-abogado-2","status":"publish","type":"post","link":"https:\/\/estuderecho.com\/sitio\/?p=3482","title":{"rendered":"Feliz d\u00eda del Abogado!"},"content":{"rendered":"<p>No hay mejor forma de ejercitar la imaginaci\u00f3n que estudiar la ley. Ning\u00fan poeta ha interpretado la naturaleza tan libremente como los abogados interpretan la verdad.<\/p>\n<p>El \u201cD\u00eda del Abogado\u201d se celebra en Guatemala el 24 de Septiembre. Es un d\u00eda conmemorativo dedicado a la noble profesi\u00f3n de la abogac\u00eda.<\/p>\n<p>Esta celebraci\u00f3n tiene su origen en el d\u00eda de la Virgen de La Merced, patrona del gremio.<\/p>\n<p><img decoding=\"async\" alt=\"\" src=\"https:\/\/lh5.googleusercontent.com\/-KLqz4JY0QOM\/UkBN1Ri2trI\/AAAAAAAAApE\/4SYVKgSb2b8\/w506-h750\/abogado+etd.jpg\" \/><\/p>\n<p><img decoding=\"async\" alt=\"\" src=\"https:\/\/lh4.googleusercontent.com\/-cCJgt0blKM8\/VgMb0HTU-cI\/AAAAAAAABlo\/mbaTp874E3U\/w506-h632-no\/frase%2B1%2Babogado%2Betd.jpg\" \/><\/p>\n<p><img decoding=\"async\" alt=\"\" src=\"https:\/\/lh4.googleusercontent.com\/-H6I1UxA-Dz0\/VgMb0K-8ihI\/AAAAAAAABlg\/ANAF6_qJOkk\/w506-h632-no\/frase%2B2%2Babogado%2Betd.jpg\" \/><\/p>\n<p><img decoding=\"async\" alt=\"\" src=\"https:\/\/lh4.googleusercontent.com\/-LtUyQAAE4Rw\/VgMb0NY1Q7I\/AAAAAAAABlw\/i73l8Wtofek\/w506-h632-no\/frase%2B3%2Babogado%2Betd.jpg\" \/><\/p>\n<p><img decoding=\"async\" alt=\"\" src=\"https:\/\/lh4.googleusercontent.com\/-Cj63E8D6T2s\/VgMb0SK8ASI\/AAAAAAAABls\/DAOt-cFhwSE\/w506-h632-no\/frase%2B4%2Babogado%2Betd.jpg\" \/><\/p>\n<p><img decoding=\"async\" alt=\"\" src=\"https:\/\/lh6.googleusercontent.com\/-_zsIZ4vuRKE\/VgMb0tQFOEI\/AAAAAAAABl4\/MXExf9f9VzI\/w506-h632-no\/frase%2B5%2Babogado%2Betd.jpg\" \/><\/p>\n<p><img decoding=\"async\" alt=\"\" src=\"https:\/\/lh6.googleusercontent.com\/-7Vw_0CCrD9E\/VgMb07t_C_I\/AAAAAAAABmA\/Y0OzK1GxIGU\/w506-h632-no\/frase%2B6%2Babogado%2Betd.jpg\" \/><\/p>\n<p><img decoding=\"async\" alt=\"\" src=\"https:\/\/lh4.googleusercontent.com\/-WzoMeBgBs2o\/VgMb0ykek2I\/AAAAAAAABl8\/gr0l3SOMjpQ\/w506-h632-no\/frase%2B7%2Babogado%2Betd.jpg\" \/><\/p>\n<p><img loading=\"lazy\" decoding=\"async\" alt=\"\" src=\"https:\/\/lh3.googleusercontent.com\/-s88098iWIe4\/VgMdYsRN0pI\/AAAAAAAABnM\/z7yxrpWKoR8\/w744-h844-no\/dia%2Babogados.jpg\" width=\"536\" height=\"608\" \/><\/p>\n<p>Abogado viene del lat\u00edn \u201cad vocatus\u201d (advocare), que significa llamar, el abogado est\u00e1 llamado a representar a otro, asumiendo su defensa y protegiendo sus intereses.<\/p>\n<p>En la antigua Roma eran quienes ten\u00edan conocimientos de las leyes, y eran llamados a acompa\u00f1ar a las personas que las desconoc\u00edan, para brindarles su apoyo al comparecer ante los tribunales.<\/p>\n<p>Nuestros mejores deseos para toda la familia del Derecho!\u00a0<a href=\"http:\/\/estuderecho.com\/sitio\/www.estuderecho.com\/sitio\" target=\"_blank\">www.estuderecho.com\/sitio<\/a>\u00a0siguenos tw: @estuderecho<\/p>\n<p>&nbsp;<\/p>\n","protected":false},"excerpt":{"rendered":"<p>No hay mejor forma de ejercitar la imaginaci\u00f3n que estudiar la ley. Ning\u00fan poeta ha interpretado la naturaleza tan libremente como los abogados interpretan la verdad. El \u201cD\u00eda del Abogado\u201d se celebra en Guatemala el 24 de Septiembre. Es un d\u00eda conmemorativo dedicado a la noble profesi\u00f3n de la abogac\u00eda. Esta celebraci\u00f3n tiene su origen [&hellip;]<\/p>\n","protected":false},"author":1,"featured_media":0,"comment_status":"open","ping_status":"open","sticky":false,"template":"","format":"standard","meta":{"footnotes":""},"categories":[3,525,8],"tags":[812,750,23,5355,240],"class_list":["post-3482","post","type-post","status-publish","format-standard","hentry","category-articulos","category-eventos-2","category-noticias-2","tag-estuderecho","tag-dia-del-abogado","tag-guatemala","tag-peralta-azurdia","tag-yuri-franco"],"blocksy_meta":[],"_links":{"self":[{"href":"https:\/\/estuderecho.com\/sitio\/index.php?rest_route=\/wp\/v2\/posts\/3482","targetHints":{"allow":["GET"]}}],"collection":[{"href":"https:\/\/estuderecho.com\/sitio\/index.php?rest_route=\/wp\/v2\/posts"}],"about":[{"href":"https:\/\/estuderecho.com\/sitio\/index.php?rest_route=\/wp\/v2\/types\/post"}],"author":[{"embeddable":true,"href":"https:\/\/estuderecho.com\/sitio\/index.php?rest_route=\/wp\/v2\/users\/1"}],"replies":[{"embeddable":true,"href":"https:\/\/estuderecho.com\/sitio\/index.php?rest_route=%2Fwp%2Fv2%2Fcomments&post=3482"}],"version-history":[{"count":4,"href":"https:\/\/estuderecho.com\/sitio\/index.php?rest_route=\/wp\/v2\/posts\/3482\/revisions"}],"predecessor-version":[{"id":3487,"href":"https:\/\/estuderecho.com\/sitio\/index.php?rest_route=\/wp\/v2\/posts\/3482\/revisions\/3487"}],"wp:attachment":[{"href":"https:\/\/estuderecho.com\/sitio\/index.php?rest_route=%2Fwp%2Fv2%2Fmedia&parent=3482"}],"wp:term":[{"taxonomy":"category","embeddable":true,"href":"https:\/\/estuderecho.com\/sitio\/index.php?rest_route=%2Fwp%2Fv2%2Fcategories&post=3482"},{"taxonomy":"post_tag","embeddable":true,"href":"https:\/\/estuderecho.com\/sitio\/index.php?rest_route=%2Fwp%2Fv2%2Ftags&post=3482"}],"curies":[{"name":"wp","href":"https:\/\/api.w.org\/{rel}","templated":true}]}}