{"id":4804,"date":"2018-09-03T12:22:24","date_gmt":"2018-09-03T18:22:24","guid":{"rendered":"http:\/\/estuderecho.com\/sitio\/?p=4804"},"modified":"2018-09-03T12:24:22","modified_gmt":"2018-09-03T18:24:22","slug":"4804","status":"publish","type":"post","link":"https:\/\/estuderecho.com\/sitio\/?p=4804","title":{"rendered":"Pronunciamiento de la Facultad de Ciencias Jur\u00eddicas y Sociales de la Universidad de San Carlos de Guatemala ante la no renovaci\u00f3n de la pr\u00f3rroga del plazo del Acuerdo de vigencia de la Comisi\u00f3n Internacional Contra la Impunidad en Guatemala CICIG"},"content":{"rendered":"<p>El Decano de la Facultad de Ciencias Jur\u00eddicas y Sociales de la Universidad de San Carlos de Guatemala Licenciado Gustavo Bonilla y la Junta Directiva, en el marco de las declaraciones vertidas por el se\u00f1or Presidente Constitucional de la Rep\u00fablica de Guatemala, referentes a la no renovaci\u00f3n de la pr\u00f3rroga del plazo del Acuerdo de vigencia de la Comisi\u00f3n Internacional Contra la Impunidad en Guatemala CICIG-, ante la comunidad universitaria y pueblo en general:<\/p>\n<p>&nbsp;<\/p>\n<p><a href=\"http:\/\/portal.derecho.usac.edu.gt\/drupal\/sites\/default\/files\/Pronunciamiento.png\" target=\"_blank\" rel=\"noopener\"><img decoding=\"async\" src=\"http:\/\/portal.derecho.usac.edu.gt\/drupal\/sites\/default\/files\/Pronunciamiento.png\" alt=\"\" \/><\/a><\/p>\n<p>Fuente: <a href=\"http:\/\/www.gustavobonilla.org\">www.gustavobonilla.org<\/a><\/p>\n","protected":false},"excerpt":{"rendered":"<p>El Decano de la Facultad de Ciencias Jur\u00eddicas y Sociales de la Universidad de San Carlos de Guatemala Licenciado Gustavo Bonilla y la Junta Directiva, en el marco de las declaraciones vertidas por el se\u00f1or Presidente Constitucional de la Rep\u00fablica de Guatemala, referentes a la no renovaci\u00f3n de la pr\u00f3rroga del plazo del Acuerdo de [&hellip;]<\/p>\n","protected":false},"author":1,"featured_media":0,"comment_status":"open","ping_status":"open","sticky":false,"template":"","format":"standard","meta":{"footnotes":""},"categories":[3,8,6,1233,4441],"tags":[2789,29,23,3373,554,7004,7049,103],"class_list":["post-4804","post","type-post","status-publish","format-standard","hentry","category-articulos","category-noticias-2","category-para-estudiantes","category-reflexiones","category-usac-2","tag-cicig","tag-derecho","tag-guatemala","tag-gustavo-bonilla","tag-id-y-ensenad-a-todos","tag-junta-directiva","tag-omunidad-universitaria","tag-usac"],"blocksy_meta":[],"_links":{"self":[{"href":"https:\/\/estuderecho.com\/sitio\/index.php?rest_route=\/wp\/v2\/posts\/4804","targetHints":{"allow":["GET"]}}],"collection":[{"href":"https:\/\/estuderecho.com\/sitio\/index.php?rest_route=\/wp\/v2\/posts"}],"about":[{"href":"https:\/\/estuderecho.com\/sitio\/index.php?rest_route=\/wp\/v2\/types\/post"}],"author":[{"embeddable":true,"href":"https:\/\/estuderecho.com\/sitio\/index.php?rest_route=\/wp\/v2\/users\/1"}],"replies":[{"embeddable":true,"href":"https:\/\/estuderecho.com\/sitio\/index.php?rest_route=%2Fwp%2Fv2%2Fcomments&post=4804"}],"version-history":[{"count":3,"href":"https:\/\/estuderecho.com\/sitio\/index.php?rest_route=\/wp\/v2\/posts\/4804\/revisions"}],"predecessor-version":[{"id":4807,"href":"https:\/\/estuderecho.com\/sitio\/index.php?rest_route=\/wp\/v2\/posts\/4804\/revisions\/4807"}],"wp:attachment":[{"href":"https:\/\/estuderecho.com\/sitio\/index.php?rest_route=%2Fwp%2Fv2%2Fmedia&parent=4804"}],"wp:term":[{"taxonomy":"category","embeddable":true,"href":"https:\/\/estuderecho.com\/sitio\/index.php?rest_route=%2Fwp%2Fv2%2Fcategories&post=4804"},{"taxonomy":"post_tag","embeddable":true,"href":"https:\/\/estuderecho.com\/sitio\/index.php?rest_route=%2Fwp%2Fv2%2Ftags&post=4804"}],"curies":[{"name":"wp","href":"https:\/\/api.w.org\/{rel}","templated":true}]}}