{"id":736,"date":"2012-06-01T07:23:06","date_gmt":"2012-06-01T13:23:06","guid":{"rendered":"http:\/\/estuderecho.com\/sitio\/?p=736"},"modified":"2012-06-01T11:33:18","modified_gmt":"2012-06-01T17:33:18","slug":"conferencias-la-fuerza-de-un-anhelo-el-resultado-de-la-voluntad-y-acuerdos-de-paz","status":"publish","type":"post","link":"https:\/\/estuderecho.com\/sitio\/?p=736","title":{"rendered":"Conferencias &#8220;La fuerza de un anhelo, el resultado de la voluntad&#8221; y  &#8220;Acuerdos de paz&#8221;"},"content":{"rendered":"<table border=\"0\" cellspacing=\"0\" cellpadding=\"0\" width=\"600\">\n<tbody>\n<tr>\n<td align=\"center\" valign=\"top\">\n<table border=\"0\" cellspacing=\"0\" cellpadding=\"0\" width=\"100%\">\n<tbody>\n<tr>\n<td><strong><img loading=\"lazy\" decoding=\"async\" src=\"http:\/\/gallery.mailchimp.com\/dcaae35f1a20dbfc5b790c034\/images\/T_tulo.1.2.1.png\" alt=\"\" width=\"393\" height=\"117\" align=\"none\" \/><\/p>\n<p>Universidad de San Carlos de Guatemala<br \/>\nJornadas Acad\u00e9micas de Rector\u00eda 2012<br \/>\nCentro de Estudios Urbanos y Regionales<\/p>\n<p>tienen el agrado de invitarlos a las conferencias:<br \/>\n<\/strong><\/td>\n<\/tr>\n<\/tbody>\n<\/table>\n<\/td>\n<\/tr>\n<\/tbody>\n<\/table>\n<table border=\"0\" cellspacing=\"0\" cellpadding=\"0\" width=\"600\">\n<tbody>\n<tr>\n<td width=\"200\" valign=\"top\">\n<table border=\"0\" cellspacing=\"0\" cellpadding=\"0\" width=\"200\">\n<tbody>\n<tr>\n<td valign=\"top\"><img decoding=\"async\" src=\"http:\/\/gallery.mailchimp.com\/653153ae841fd11de66ad181a\/images\/transparent.gif\" border=\"0\" alt=\"\" \/><\/td>\n<\/tr>\n<tr>\n<td valign=\"top\"><img decoding=\"async\" src=\"http:\/\/gallery.mailchimp.com\/653153ae841fd11de66ad181a\/images\/transparent.gif\" border=\"0\" alt=\"\" \/><\/td>\n<\/tr>\n<\/tbody>\n<\/table>\n<\/td>\n<td width=\"400\" align=\"left\" valign=\"top\">\n<table border=\"0\" cellspacing=\"0\" cellpadding=\"20\" width=\"100%\">\n<tbody>\n<tr>\n<td valign=\"top\">\n<h2><img loading=\"lazy\" decoding=\"async\" src=\"http:\/\/gallery.mailchimp.com\/dcaae35f1a20dbfc5b790c034\/images\/Manuel_Conde_Orellana.jpg\" alt=\"\" width=\"200\" height=\"227\" align=\"left\" \/><\/h2>\n<h2>\n<p>&#8220;La fuerza de un anhelo, el resultado de la voluntad&#8221;<\/h2>\n<h3>impartida por el<br \/>\nMtro.\u00a0Manuel Conde Orellana<\/h3>\n<p><em>Docente en la Maestr\u00eda de Pol\u00edtica y Comunicaci\u00f3n, <\/em>Universidad Panamericana<\/td>\n<\/tr>\n<\/tbody>\n<\/table>\n<\/td>\n<\/tr>\n<tr>\n<td colspan=\"2\" align=\"right\" valign=\"top\">\n<table border=\"0\" cellspacing=\"0\" cellpadding=\"0\" width=\"100%\">\n<tbody>\n<tr>\n<td align=\"right\" valign=\"top\">\n<table border=\"0\" cellspacing=\"0\" cellpadding=\"20\" width=\"100%\">\n<tbody>\n<tr>\n<td valign=\"top\">\n<h2><img loading=\"lazy\" decoding=\"async\" src=\"http:\/\/gallery.mailchimp.com\/dcaae35f1a20dbfc5b790c034\/images\/Gustavo_Porras_Castej_n.1.jpg\" alt=\"\" width=\"215\" height=\"186\" align=\"none\" \/><\/p>\n<p>&#8220;Acuerdos de paz&#8221;<\/h2>\n<h3>impartida por el<br \/>\nDr.\u00a0Gustavo Porras Castej\u00f3n<\/h3>\n<div><em>Asesor principal del Netherlans Institute for Multiparty Democracy<span style=\"font-family: sans-serif; font-size: x-small;\">.<\/span><\/em><\/div>\n<\/td>\n<\/tr>\n<\/tbody>\n<\/table>\n<\/td>\n<td align=\"right\" valign=\"bottom\">\n<table border=\"0\" cellspacing=\"0\" cellpadding=\"0\" width=\"100%\">\n<tbody>\n<tr>\n<td valign=\"bottom\"><img decoding=\"async\" src=\"http:\/\/gallery.mailchimp.com\/653153ae841fd11de66ad181a\/images\/transparent.gif\" border=\"0\" alt=\"\" \/><\/td>\n<\/tr>\n<\/tbody>\n<\/table>\n<\/td>\n<\/tr>\n<\/tbody>\n<\/table>\n<\/td>\n<\/tr>\n<tr>\n<td colspan=\"2\" valign=\"top\"><img decoding=\"async\" src=\"http:\/\/gallery.mailchimp.com\/653153ae841fd11de66ad181a\/images\/transparent.gif\" border=\"0\" alt=\"\" \/><\/td>\n<\/tr>\n<\/tbody>\n<\/table>\n<table border=\"0\" cellspacing=\"0\" cellpadding=\"20\" width=\"600\">\n<tbody>\n<tr>\n<td align=\"center\" valign=\"top\">\n<table border=\"0\" cellspacing=\"0\" cellpadding=\"0\" width=\"100%\">\n<tbody>\n<tr>\n<td colspan=\"3\" valign=\"top\">\n<div><img loading=\"lazy\" decoding=\"async\" src=\"http:\/\/gallery.mailchimp.com\/dcaae35f1a20dbfc5b790c034\/images\/logos.png\" alt=\"\" width=\"550\" height=\"73\" align=\"none\" \/><\/div>\n<\/td>\n<\/tr>\n<tr>\n<td valign=\"top\"><\/td>\n<td width=\"20\"><\/td>\n<td width=\"200\" valign=\"top\"><\/td>\n<\/tr>\n<tr>\n<td colspan=\"3\" valign=\"top\">\n<div><strong>&#8220;Gran Sal\u00f3n del Gobernador&#8221; del Conquistador Hotel &amp; Conference Center,<br \/>\nzona 4. Ciudad capital.<br \/>\nS\u00e1bado, 9 de junio de 2012<br \/>\na las 7:30 horas <\/strong><\/div>\n<\/td>\n<\/tr>\n<\/tbody>\n<\/table>\n<\/td>\n<\/tr>\n<\/tbody>\n<\/table>\n","protected":false},"excerpt":{"rendered":"<p>Universidad de San Carlos de Guatemala Jornadas Acad\u00e9micas de Rector\u00eda 2012 Centro de Estudios Urbanos y Regionales tienen el agrado de invitarlos a las conferencias: &#8220;La fuerza de un anhelo, el resultado de la voluntad&#8221; impartida por el Mtro.\u00a0Manuel Conde Orellana Docente en la Maestr\u00eda de Pol\u00edtica y Comunicaci\u00f3n, Universidad Panamericana &#8220;Acuerdos de paz&#8221; impartida [&hellip;]<\/p>\n","protected":false},"author":1,"featured_media":0,"comment_status":"closed","ping_status":"closed","sticky":false,"template":"","format":"standard","meta":{"footnotes":""},"categories":[3,525,8],"tags":[558,541,561,562,559,557,556,555,563,560],"class_list":["post-736","post","type-post","status-publish","format-standard","hentry","category-articulos","category-eventos-2","category-noticias-2","tag-centro-de-estudios-urbanos-y-regionales","tag-conferencias","tag-conquistador-hotel-conference-center","tag-dr-gustavo-porras-castejon","tag-jornadas-academicas-de-rectoria-2012","tag-la-fuerza-de-un-anhelo","tag-maestria-de-politica-y-comunicacion","tag-mtro-manuel-conde-orellana","tag-netherlans-institute-for-multiparty-democracy","tag-universidad-de-san-carlos-de-guatemala"],"blocksy_meta":[],"_links":{"self":[{"href":"https:\/\/estuderecho.com\/sitio\/index.php?rest_route=\/wp\/v2\/posts\/736","targetHints":{"allow":["GET"]}}],"collection":[{"href":"https:\/\/estuderecho.com\/sitio\/index.php?rest_route=\/wp\/v2\/posts"}],"about":[{"href":"https:\/\/estuderecho.com\/sitio\/index.php?rest_route=\/wp\/v2\/types\/post"}],"author":[{"embeddable":true,"href":"https:\/\/estuderecho.com\/sitio\/index.php?rest_route=\/wp\/v2\/users\/1"}],"replies":[{"embeddable":true,"href":"https:\/\/estuderecho.com\/sitio\/index.php?rest_route=%2Fwp%2Fv2%2Fcomments&post=736"}],"version-history":[{"count":2,"href":"https:\/\/estuderecho.com\/sitio\/index.php?rest_route=\/wp\/v2\/posts\/736\/revisions"}],"predecessor-version":[{"id":738,"href":"https:\/\/estuderecho.com\/sitio\/index.php?rest_route=\/wp\/v2\/posts\/736\/revisions\/738"}],"wp:attachment":[{"href":"https:\/\/estuderecho.com\/sitio\/index.php?rest_route=%2Fwp%2Fv2%2Fmedia&parent=736"}],"wp:term":[{"taxonomy":"category","embeddable":true,"href":"https:\/\/estuderecho.com\/sitio\/index.php?rest_route=%2Fwp%2Fv2%2Fcategories&post=736"},{"taxonomy":"post_tag","embeddable":true,"href":"https:\/\/estuderecho.com\/sitio\/index.php?rest_route=%2Fwp%2Fv2%2Ftags&post=736"}],"curies":[{"name":"wp","href":"https:\/\/api.w.org\/{rel}","templated":true}]}}